{"id":602,"date":"2026-07-04T00:02:26","date_gmt":"2026-07-04T00:02:26","guid":{"rendered":"https:\/\/magicanews.enamazonas.lat\/?p=602"},"modified":"2026-07-04T00:02:27","modified_gmt":"2026-07-04T00:02:27","slug":"imagenes-satelitales-de-la-abae-confirman-movimiento-de-la-falla-de-san-sebastian","status":"publish","type":"post","link":"https:\/\/magicanews.enamazonas.lat\/?p=602","title":{"rendered":"Im\u00e1genes satelitales de la ABAE confirman movimiento de la Falla de San Sebasti\u00e1n"},"content":{"rendered":"\n<p class=\"wp-block-paragraph\">Una semana despu\u00e9s de los eventos s\u00edsmicos que afectaron a varios estados del pa\u00eds, la ministra Gabriela Jim\u00e9nez Ram\u00edrez contin\u00faa analizando, junto a los cient\u00edficos, t\u00e9cnicos y personal especializado de la Agencia Bolivariana para Actividades Espaciales (ABAE) \u2014ente adscrito al Ministerio del Poder Popular para Ciencia y Tecnolog\u00eda (Mincyt)\u2014, las im\u00e1genes satelitales para determinar el origen tect\u00f3nico de los eventos registrados el 24 de junio de 2026.<\/p>\n\n\n\n<p class=\"wp-block-paragraph\">La ministra de Ciencia y Tecnolog\u00eda, cumpliendo con las acciones instruidas por la presidenta encargada, Delcy Rodr\u00edguez, destac\u00f3 que el \u00aborigen tect\u00f3nico de los eventos sismicos registrados, con magnitudes de 7,2 y 7,5, se explica por la compleja interacci\u00f3n entre la Placa del Caribe y la Placa de Am\u00e9rica del Sur\u00bb.<\/p>\n\n\n\n<p class=\"wp-block-paragraph\">Explic\u00f3 que esa \u00abfrontera tect\u00f3nica est\u00e1 dominada por un r\u00e9gimen de cizallamiento dextral a lo largo del sistema de fallas Bocon\u00f3-San Sebasti\u00e1n-El Pilar, donde el desplazamiento relativo entre ambas placas genera una acumulaci\u00f3n progresiva de esfuerzos el\u00e1sticos durante los periodos intersismicos\u00bb.<\/p>\n\n\n\n<figure class=\"wp-block-image size-large\"><img loading=\"lazy\" decoding=\"async\" width=\"1024\" height=\"473\" src=\"https:\/\/magicanews.enamazonas.lat\/wp-content\/uploads\/2026\/07\/FB_IMG_1783123170628-1024x473.jpg\" alt=\"\" class=\"wp-image-604\" srcset=\"https:\/\/magicanews.enamazonas.lat\/wp-content\/uploads\/2026\/07\/FB_IMG_1783123170628-1024x473.jpg 1024w, https:\/\/magicanews.enamazonas.lat\/wp-content\/uploads\/2026\/07\/FB_IMG_1783123170628-300x139.jpg 300w, https:\/\/magicanews.enamazonas.lat\/wp-content\/uploads\/2026\/07\/FB_IMG_1783123170628-768x355.jpg 768w, https:\/\/magicanews.enamazonas.lat\/wp-content\/uploads\/2026\/07\/FB_IMG_1783123170628.jpg 1280w\" sizes=\"auto, (max-width: 1024px) 100vw, 1024px\" \/><\/figure>\n\n\n\n<p class=\"wp-block-paragraph\">Asimismo, expres\u00f3 que \u00abla ruptura ocurrida en el municipio Veroes, ubicado en el estado Yaracuy, no constituye un evento aislado, sino la liberaci\u00f3n s\u00fabita de la energ\u00eda acumulada, que fractur\u00f3 la corteza terrestre a lo largo de la traza de la Falla de San Sebasti\u00e1n\u00bb.<\/p>\n\n\n\n<p class=\"wp-block-paragraph\">Jim\u00e9nez Ram\u00edrez atribuye este episodio a un \u00abmecanismo de falla de rumbo, que permiti\u00f3 acomodar la deformaci\u00f3n transpresiva regional, generando una importante dislocaci\u00f3n cortical, reflejada en la magnitud de los sismos registrados\u00bb.<\/p>\n\n\n\n<p class=\"wp-block-paragraph\">Hizo referencia a las afectaciones en estados como La Guaira, Yaracuy y Caracas, \u00abdonde la interacci\u00f3n entre las placas favorece rupturas superficiales capaces de modificar la topograf\u00eda local en cuesti\u00f3n de segundos y dejar una huella geol\u00f3gica claramente identificable en el terreno\u00bb.<\/p>\n\n\n\n<p class=\"wp-block-paragraph\">Asimismo, Ram\u00edrez aclar\u00f3 que los datos de las labores t\u00e9cnicas y de recolecci\u00f3n de im\u00e1genes satelitales por parte de la ABAE sobre el proceso geol\u00f3gico se obtuvieron \u00abmediante la t\u00e9cnica de interferometr\u00eda de radar de apertura sint\u00e9tica (InSAR), la cual permite medir con alta precisi\u00f3n la deformaci\u00f3n cosismica de la superficie terrestre\u00bb.<\/p>\n\n\n\n<p class=\"wp-block-paragraph\">\u00abEl interferograma muestra un desplazamiento en la l\u00ednea de visi\u00f3n (LOS) que oscila entre -0,06 m y 1,33 m, lo que evidencia la magnitud del reacomodo de los bloques corticales despu\u00e9s de la ruptura\u00bb, se\u00f1al\u00f3 la tambi\u00e9n rectora de la Universidad Nacional de las Ciencias Dr. Humberto Fern\u00e1ndez-Mor\u00e1n.<\/p>\n\n\n\n<figure class=\"wp-block-image size-large\"><img loading=\"lazy\" decoding=\"async\" width=\"1024\" height=\"473\" src=\"https:\/\/magicanews.enamazonas.lat\/wp-content\/uploads\/2026\/07\/FB_IMG_1783123172844-1024x473.jpg\" alt=\"\" class=\"wp-image-605\" srcset=\"https:\/\/magicanews.enamazonas.lat\/wp-content\/uploads\/2026\/07\/FB_IMG_1783123172844-1024x473.jpg 1024w, https:\/\/magicanews.enamazonas.lat\/wp-content\/uploads\/2026\/07\/FB_IMG_1783123172844-300x139.jpg 300w, https:\/\/magicanews.enamazonas.lat\/wp-content\/uploads\/2026\/07\/FB_IMG_1783123172844-768x355.jpg 768w, https:\/\/magicanews.enamazonas.lat\/wp-content\/uploads\/2026\/07\/FB_IMG_1783123172844.jpg 1280w\" sizes=\"auto, (max-width: 1024px) 100vw, 1024px\" \/><\/figure>\n\n\n\n<p class=\"wp-block-paragraph\">Durante su observaci\u00f3n, la ministra Gabriela Jim\u00e9nez describi\u00f3 que la \u00abdiscontinuidad crom\u00e1tica observada sobre la traza de la Falla de San Sebasti\u00e1n constituye una clara evidencia geofisica de un movimiento tect\u00f3nico de gran escala\u00bb.<\/p>\n\n\n\n<p class=\"wp-block-paragraph\">Esto evidencia que este \u00abpatr\u00f3n demuestra que la corteza terrestre experiment\u00f3 una deformaci\u00f3n el\u00e1stica y un desplazamiento relativo de los bloques ubicados a ambos lados de la falla\u00bb.<\/p>\n\n\n\n<p class=\"wp-block-paragraph\">La ministra agreg\u00f3 que \u00abel an\u00e1lisis, realizado a partir de datos del sat\u00e9lite Sentinel-1C, permiti\u00f3 identificar que el salto observado en el interferograma corresponde directamente al deslizamiento cosismico ocurrido durante los eventos del 24 de junio&#8217;.<\/p>\n\n\n\n<p class=\"wp-block-paragraph\">Finalmente, Gabriela Jim\u00e9nez Ram\u00edrez aclar\u00f3 que, si \u00abbien las limitaciones t\u00e9cnicas, como la decorrelaci\u00f3n en zonas con escombros o la proyecci\u00f3n LOS, exigen cautela, la evidencia satelital corrobora que el municipio Veroes fue un nodo cr\u00edtico de liberaci\u00f3n de energ\u00eda tect\u00f3nica, donde la cinem\u00e1tica de las placas terrestres forz\u00f3 una alteraci\u00f3n morfol\u00f3gica directa e irreversible de la superficie terrestre\u00bb.<\/p>\n\n\n\n<figure class=\"wp-block-embed\"><div class=\"wp-block-embed__wrapper\">\nhttps:\/\/tinyurl.com\/vefp38fd\n<\/div><\/figure>\n","protected":false},"excerpt":{"rendered":"<p>Una semana despu\u00e9s de los eventos s\u00edsmicos que afectaron a varios estados del pa\u00eds, la&#8230;<\/p>\n","protected":false},"author":3,"featured_media":603,"comment_status":"open","ping_status":"open","sticky":false,"template":"","format":"standard","meta":{"footnotes":""},"categories":[5,3],"tags":[321,319,317,320,318],"class_list":["post-602","post","type-post","status-publish","format-standard","has-post-thumbnail","hentry","category-nacionales","category-noticias","tag-desplazamiento","tag-falla","tag-imagenes","tag-san-sebastian","tag-satelitales"],"_links":{"self":[{"href":"https:\/\/magicanews.enamazonas.lat\/index.php?rest_route=\/wp\/v2\/posts\/602","targetHints":{"allow":["GET"]}}],"collection":[{"href":"https:\/\/magicanews.enamazonas.lat\/index.php?rest_route=\/wp\/v2\/posts"}],"about":[{"href":"https:\/\/magicanews.enamazonas.lat\/index.php?rest_route=\/wp\/v2\/types\/post"}],"author":[{"embeddable":true,"href":"https:\/\/magicanews.enamazonas.lat\/index.php?rest_route=\/wp\/v2\/users\/3"}],"replies":[{"embeddable":true,"href":"https:\/\/magicanews.enamazonas.lat\/index.php?rest_route=%2Fwp%2Fv2%2Fcomments&post=602"}],"version-history":[{"count":1,"href":"https:\/\/magicanews.enamazonas.lat\/index.php?rest_route=\/wp\/v2\/posts\/602\/revisions"}],"predecessor-version":[{"id":606,"href":"https:\/\/magicanews.enamazonas.lat\/index.php?rest_route=\/wp\/v2\/posts\/602\/revisions\/606"}],"wp:featuredmedia":[{"embeddable":true,"href":"https:\/\/magicanews.enamazonas.lat\/index.php?rest_route=\/wp\/v2\/media\/603"}],"wp:attachment":[{"href":"https:\/\/magicanews.enamazonas.lat\/index.php?rest_route=%2Fwp%2Fv2%2Fmedia&parent=602"}],"wp:term":[{"taxonomy":"category","embeddable":true,"href":"https:\/\/magicanews.enamazonas.lat\/index.php?rest_route=%2Fwp%2Fv2%2Fcategories&post=602"},{"taxonomy":"post_tag","embeddable":true,"href":"https:\/\/magicanews.enamazonas.lat\/index.php?rest_route=%2Fwp%2Fv2%2Ftags&post=602"}],"curies":[{"name":"wp","href":"https:\/\/api.w.org\/{rel}","templated":true}]}}