{"id":613,"date":"2026-07-04T12:35:39","date_gmt":"2026-07-04T12:35:39","guid":{"rendered":"https:\/\/magicanews.enamazonas.lat\/?p=613"},"modified":"2026-07-04T12:35:39","modified_gmt":"2026-07-04T12:35:39","slug":"apagon-masivo-en-cuba-tras-falla-en-subestacion-victoria-de-giron","status":"publish","type":"post","link":"https:\/\/magicanews.enamazonas.lat\/?p=613","title":{"rendered":"Apag\u00f3n masivo en Cuba tras falla en subestaci\u00f3n Victoria de Gir\u00f3n"},"content":{"rendered":"\n<p class=\"wp-block-paragraph\">La Empresa El\u00e9ctrica de La Habana inform\u00f3 que, a las 20:08 h del 3\u202fde\u202fjulio, una aver\u00eda en la subestaci\u00f3n Victoria de Gir\u00f3n provoc\u00f3 alta oscilaci\u00f3n en el SEN y la salida abrupta de las unidades Rent\u00e9\u202f3 y Felton\u202f1. <\/p>\n\n\n\n<p class=\"wp-block-paragraph\">La unidad Felton ya est\u00e1 reconectada, aportando 50\u202fMW y en aumento; unidades de Energas se suman a la generaci\u00f3n base, pero el SEN sigue con baja disponibilidad y la afectaci\u00f3n persiste en todo el pa\u00eds.<\/p>\n","protected":false},"excerpt":{"rendered":"<p>La Empresa El\u00e9ctrica de La Habana inform\u00f3 que, a las 20:08 h del 3\u202fde\u202fjulio, una&#8230;<\/p>\n","protected":false},"author":3,"featured_media":614,"comment_status":"open","ping_status":"open","sticky":false,"template":"","format":"standard","meta":{"footnotes":""},"categories":[6,3],"tags":[324,228,326,325,327],"class_list":["post-613","post","type-post","status-publish","format-standard","has-post-thumbnail","hentry","category-internacionales","category-noticias","tag-apagon","tag-cuba","tag-felton-1","tag-masivo","tag-rene"],"_links":{"self":[{"href":"https:\/\/magicanews.enamazonas.lat\/index.php?rest_route=\/wp\/v2\/posts\/613","targetHints":{"allow":["GET"]}}],"collection":[{"href":"https:\/\/magicanews.enamazonas.lat\/index.php?rest_route=\/wp\/v2\/posts"}],"about":[{"href":"https:\/\/magicanews.enamazonas.lat\/index.php?rest_route=\/wp\/v2\/types\/post"}],"author":[{"embeddable":true,"href":"https:\/\/magicanews.enamazonas.lat\/index.php?rest_route=\/wp\/v2\/users\/3"}],"replies":[{"embeddable":true,"href":"https:\/\/magicanews.enamazonas.lat\/index.php?rest_route=%2Fwp%2Fv2%2Fcomments&post=613"}],"version-history":[{"count":1,"href":"https:\/\/magicanews.enamazonas.lat\/index.php?rest_route=\/wp\/v2\/posts\/613\/revisions"}],"predecessor-version":[{"id":615,"href":"https:\/\/magicanews.enamazonas.lat\/index.php?rest_route=\/wp\/v2\/posts\/613\/revisions\/615"}],"wp:featuredmedia":[{"embeddable":true,"href":"https:\/\/magicanews.enamazonas.lat\/index.php?rest_route=\/wp\/v2\/media\/614"}],"wp:attachment":[{"href":"https:\/\/magicanews.enamazonas.lat\/index.php?rest_route=%2Fwp%2Fv2%2Fmedia&parent=613"}],"wp:term":[{"taxonomy":"category","embeddable":true,"href":"https:\/\/magicanews.enamazonas.lat\/index.php?rest_route=%2Fwp%2Fv2%2Fcategories&post=613"},{"taxonomy":"post_tag","embeddable":true,"href":"https:\/\/magicanews.enamazonas.lat\/index.php?rest_route=%2Fwp%2Fv2%2Ftags&post=613"}],"curies":[{"name":"wp","href":"https:\/\/api.w.org\/{rel}","templated":true}]}}