{"id":626,"date":"2026-07-04T12:52:43","date_gmt":"2026-07-04T12:52:43","guid":{"rendered":"https:\/\/magicanews.enamazonas.lat\/?p=626"},"modified":"2026-07-04T12:52:44","modified_gmt":"2026-07-04T12:52:44","slug":"dos-policias-colombianos-son-atendidos-en-puerto-ayacucho-tras-atentado-en-casuarito","status":"publish","type":"post","link":"https:\/\/magicanews.enamazonas.lat\/?p=626","title":{"rendered":"DOS POLIC\u00cdAS COLOMBIANOS SON ATENDIDOS EN PUERTO AYACUCHO TRAS ATENTADO EN CASUARITO"},"content":{"rendered":"\n<p class=\"wp-block-paragraph\">En un gesto de cooperaci\u00f3n humanitaria binacional, dos integrantes de la Polic\u00eda Nacional de Colombia fueron trasladados de urgencia a territorio venezolano luego de ser v\u00edctimas de un ataque con armas de fuego ocurrido en la tarde de este 3 de julio de 2026.<\/p>\n\n\n\n<p class=\"wp-block-paragraph\">Los uniformados, un hombre y una mujer, fueron emboscados por sujetos armados mientras realizaban labores de patrullaje y control en la Inspecci\u00f3n de Casuarito, zona rural del municipio de Puerto Carre\u00f1o, en el departamento del Vichada.<\/p>\n\n\n\n<p class=\"wp-block-paragraph\">Dada la gravedad de las heridas y la cercan\u00eda con la frontera, se activ\u00f3 un corredor fluvial por el r\u00edo Orinoco para trasladar a los agentes hasta Puerto Ayacucho, en el estado Amazonas, Venezuela.<\/p>\n\n\n\n<p class=\"wp-block-paragraph\">Tras su ingreso al Hospital tipo II, Dr. Jos\u00e9 Gregorio Hern\u00e1ndez, ambos polic\u00edas fueron intervenidos quir\u00fargicamente y permanecen en la Unidad de Cuidados Intensivos (UCI) bajo estricta vigilancia m\u00e9dica, con pron\u00f3stico reservado.<\/p>\n\n\n\n<p class=\"wp-block-paragraph\">El operativo humanitario ha contado con el respaldo del Consulado de Colombia en Puerto Ayacucho y las autoridades de salud de la Gobernaci\u00f3n del Estado Amazonas, quienes han dispuesto todos los recursos necesarios para la atenci\u00f3n especializada.<\/p>\n\n\n\n<p class=\"wp-block-paragraph\">En la zona fronteriza colombiana, la Polic\u00eda del Vichada, la Armada Nacional y la SIJIN han desplegado un operativo de b\u00fasqueda y control para dar con los responsables del atentado, reforzando la seguridad en el \u00e1rea.<\/p>\n\n\n\n<p class=\"wp-block-paragraph\">Fuente informativa: Diario El Morichal de Colombia<\/p>\n","protected":false},"excerpt":{"rendered":"<p>En un gesto de cooperaci\u00f3n humanitaria binacional, dos integrantes de la Polic\u00eda Nacional de Colombia&#8230;<\/p>\n","protected":false},"author":3,"featured_media":627,"comment_status":"open","ping_status":"open","sticky":false,"template":"","format":"standard","meta":{"footnotes":""},"categories":[6,3],"tags":[47,339,338,75,299,341,340,46,337],"class_list":["post-626","post","type-post","status-publish","format-standard","has-post-thumbnail","hentry","category-internacionales","category-noticias","tag-amazonas","tag-atentado","tag-casuarito","tag-colombia","tag-emergencia","tag-internenidos","tag-policias","tag-venezuela","tag-vichada"],"_links":{"self":[{"href":"https:\/\/magicanews.enamazonas.lat\/index.php?rest_route=\/wp\/v2\/posts\/626","targetHints":{"allow":["GET"]}}],"collection":[{"href":"https:\/\/magicanews.enamazonas.lat\/index.php?rest_route=\/wp\/v2\/posts"}],"about":[{"href":"https:\/\/magicanews.enamazonas.lat\/index.php?rest_route=\/wp\/v2\/types\/post"}],"author":[{"embeddable":true,"href":"https:\/\/magicanews.enamazonas.lat\/index.php?rest_route=\/wp\/v2\/users\/3"}],"replies":[{"embeddable":true,"href":"https:\/\/magicanews.enamazonas.lat\/index.php?rest_route=%2Fwp%2Fv2%2Fcomments&post=626"}],"version-history":[{"count":1,"href":"https:\/\/magicanews.enamazonas.lat\/index.php?rest_route=\/wp\/v2\/posts\/626\/revisions"}],"predecessor-version":[{"id":628,"href":"https:\/\/magicanews.enamazonas.lat\/index.php?rest_route=\/wp\/v2\/posts\/626\/revisions\/628"}],"wp:featuredmedia":[{"embeddable":true,"href":"https:\/\/magicanews.enamazonas.lat\/index.php?rest_route=\/wp\/v2\/media\/627"}],"wp:attachment":[{"href":"https:\/\/magicanews.enamazonas.lat\/index.php?rest_route=%2Fwp%2Fv2%2Fmedia&parent=626"}],"wp:term":[{"taxonomy":"category","embeddable":true,"href":"https:\/\/magicanews.enamazonas.lat\/index.php?rest_route=%2Fwp%2Fv2%2Fcategories&post=626"},{"taxonomy":"post_tag","embeddable":true,"href":"https:\/\/magicanews.enamazonas.lat\/index.php?rest_route=%2Fwp%2Fv2%2Ftags&post=626"}],"curies":[{"name":"wp","href":"https:\/\/api.w.org\/{rel}","templated":true}]}}