{"id":637,"date":"2026-07-04T21:31:15","date_gmt":"2026-07-04T21:31:15","guid":{"rendered":"https:\/\/magicanews.enamazonas.lat\/?p=637"},"modified":"2026-07-04T21:31:15","modified_gmt":"2026-07-04T21:31:15","slug":"liberan-al-topo-de-la-guaira-tras-48-horas-de-secuestro-estatal-aqui-estoy-para-seguir-luchando","status":"publish","type":"post","link":"https:\/\/magicanews.enamazonas.lat\/?p=637","title":{"rendered":"Liberan al \u00abTopo de La Guaira\u00bb tras 48 horas de secuestro estatal: \u00abAqu\u00ed estoy para seguir luchando\u00bb"},"content":{"rendered":"\n<p class=\"wp-block-paragraph\">Por el equipo de investigaci\u00f3n de MagicaNews<\/p>\n\n\n\n<hr class=\"wp-block-separator has-alpha-channel-opacity\"\/>\n\n\n\n<p class=\"wp-block-paragraph\">Caracas, 4 de julio de 2026. \u2014 Wilmer Antonio Cruz, el rescatista voluntario que se convirti\u00f3 en s\u00edmbolo de la solidaridad tras los devastadores sismos en La Guaira, recuper\u00f3 su libertad este viernes luego de permanecer casi 48 horas en un paradero desconocido, en un caso que encendi\u00f3 todas las alarmas sobre la pr\u00e1ctica de desapariciones forzadas en Venezuela.<\/p>\n\n\n\n<p class=\"wp-block-paragraph\">Cruz fue liberado bajo una medida cautelar sustitutiva que le exige presentaciones peri\u00f3dicas ante las autoridades, pero hasta el cierre de esta edici\u00f3n no existe ning\u00fan pronunciamiento oficial que explique d\u00f3nde estuvo, qui\u00e9n lo detuvo ni bajo qu\u00e9 fundamentos legales fue privado de su libertad.<\/p>\n\n\n\n<h2 class=\"wp-block-heading\">\u00bfDetenci\u00f3n o secuestro? El vac\u00edo que denuncian las organizaciones<\/h2>\n\n\n\n<p class=\"wp-block-paragraph\">El caso de Wilmer Cruz no es un hecho aislado. Organizaciones como Provea, Un Mundo Sin Mordaza y el Comit\u00e9 por la Libertad de los Presos Pol\u00edticos (Clippve) calificaron inicialmente su desaparici\u00f3n como una detenci\u00f3n hacia paradero desconocido, un eufemismo que encubre lo que el derecho internacional define como desaparici\u00f3n forzada: la privaci\u00f3n de libertad por agentes del Estado, seguida del ocultamiento de su suerte y paradero, sustrayendo a la persona de toda protecci\u00f3n legal.<\/p>\n\n\n\n<p class=\"wp-block-paragraph\">Cruz fue visto por \u00faltima vez la noche del 1\u00b0 de julio, cuando sali\u00f3 de su hogar acompa\u00f1ado por un grupo de hombres vestidos de negro que, seg\u00fan testigos, le habr\u00edan ofrecido maquinaria pesada para continuar con sus labores de rescate. Desde entonces, su rastro se perdi\u00f3 hasta que, este viernes, un video difundido en redes sociales lo mostr\u00f3 con vida, visiblemente afectado pero firme:<\/p>\n\n\n\n<blockquote class=\"wp-block-quote is-layout-flow wp-block-quote-is-layout-flow\">\n<p class=\"wp-block-paragraph\">\u00abGracias, mi gente, aqu\u00ed estoy para seguir luchando\u00bb.<\/p>\n<\/blockquote>\n\n\n\n<h2 class=\"wp-block-heading\">El h\u00e9roe que denunci\u00f3 la ausencia del Estado<\/h2>\n\n\n\n<p class=\"wp-block-paragraph\">Wilmer Cruz salt\u00f3 a la fama durante la emergencia por su incansable labor entre los escombros. Con sus propias manos y herramientas precarias, rescat\u00f3 a cerca de 60 personas mientras buscaba a sus propios familiares atrapados en el colapso de su edificio en Caraballeda.<\/p>\n\n\n\n<p class=\"wp-block-paragraph\">Sus videos denunciando la falta de maquinaria oficial y la escasa presencia de organismos de rescate lo convirtieron en una voz inc\u00f3moda para el gobierno. Su hero\u00edsmo, que debi\u00f3 ser reconocido, fue castigado con el silencio de una detenci\u00f3n sin rostro ni destino.<\/p>\n\n\n\n<h2 class=\"wp-block-heading\">Un patr\u00f3n que no cesa expresan algunos<\/h2>\n\n\n\n<p class=\"wp-block-paragraph\">Este caso se suma a la creciente lista de desapariciones forzadas documentadas por Amnist\u00eda Internacional, que recientemente alert\u00f3 sobre al menos 15 casos emblem\u00e1ticos entre 2024 y 2025, muchos de los cuales a\u00fan no tienen resoluci\u00f3n. La liberaci\u00f3n de Cruz, si bien es un alivio, no borra la gravedad del hecho: un ciudadano que ayudaba a su pueblo fue arrancado de su entorno sin explicaci\u00f3n alguna, y solo la presi\u00f3n nacional e internacional logr\u00f3 devolverlo a la luz.<\/p>\n\n\n\n<h2 class=\"wp-block-heading\">Lo que a\u00fan no se sabe<\/h2>\n\n\n\n<p class=\"wp-block-paragraph\">\u00b7 \u00bfQui\u00e9nes ordenaron su detenci\u00f3n?<br>\u00b7 \u00bfQu\u00e9 organismo estuvo a cargo?<br>\u00b7 \u00bfD\u00f3nde permaneci\u00f3 durante esas 48 horas?<br>\u00b7 \u00bfPor qu\u00e9 no hay registro oficial de su ingreso a ning\u00fan centro de reclusi\u00f3n?<\/p>\n\n\n\n<p class=\"wp-block-paragraph\">Estas preguntas siguen sin respuesta. Mientras tanto, Wilmer Cruz est\u00e1 libre, pero el sistema que lo desapareci\u00f3 sigue intacto.<\/p>\n\n\n\n<p class=\"wp-block-paragraph\"><\/p>\n","protected":false},"excerpt":{"rendered":"<p>Por el equipo de investigaci\u00f3n de MagicaNews Caracas, 4 de julio de 2026. \u2014 Wilmer&#8230;<\/p>\n","protected":false},"author":3,"featured_media":638,"comment_status":"open","ping_status":"open","sticky":false,"template":"","format":"standard","meta":{"footnotes":""},"categories":[5,3],"tags":[197,348,242,349,273,46],"class_list":["post-637","post","type-post","status-publish","format-standard","has-post-thumbnail","hentry","category-nacionales","category-noticias","tag-ayuda","tag-detencion","tag-la-guaira","tag-rescatistas-voluntario","tag-terremotos","tag-venezuela"],"_links":{"self":[{"href":"https:\/\/magicanews.enamazonas.lat\/index.php?rest_route=\/wp\/v2\/posts\/637","targetHints":{"allow":["GET"]}}],"collection":[{"href":"https:\/\/magicanews.enamazonas.lat\/index.php?rest_route=\/wp\/v2\/posts"}],"about":[{"href":"https:\/\/magicanews.enamazonas.lat\/index.php?rest_route=\/wp\/v2\/types\/post"}],"author":[{"embeddable":true,"href":"https:\/\/magicanews.enamazonas.lat\/index.php?rest_route=\/wp\/v2\/users\/3"}],"replies":[{"embeddable":true,"href":"https:\/\/magicanews.enamazonas.lat\/index.php?rest_route=%2Fwp%2Fv2%2Fcomments&post=637"}],"version-history":[{"count":1,"href":"https:\/\/magicanews.enamazonas.lat\/index.php?rest_route=\/wp\/v2\/posts\/637\/revisions"}],"predecessor-version":[{"id":639,"href":"https:\/\/magicanews.enamazonas.lat\/index.php?rest_route=\/wp\/v2\/posts\/637\/revisions\/639"}],"wp:featuredmedia":[{"embeddable":true,"href":"https:\/\/magicanews.enamazonas.lat\/index.php?rest_route=\/wp\/v2\/media\/638"}],"wp:attachment":[{"href":"https:\/\/magicanews.enamazonas.lat\/index.php?rest_route=%2Fwp%2Fv2%2Fmedia&parent=637"}],"wp:term":[{"taxonomy":"category","embeddable":true,"href":"https:\/\/magicanews.enamazonas.lat\/index.php?rest_route=%2Fwp%2Fv2%2Fcategories&post=637"},{"taxonomy":"post_tag","embeddable":true,"href":"https:\/\/magicanews.enamazonas.lat\/index.php?rest_route=%2Fwp%2Fv2%2Ftags&post=637"}],"curies":[{"name":"wp","href":"https:\/\/api.w.org\/{rel}","templated":true}]}}