{"id":644,"date":"2026-07-05T13:48:22","date_gmt":"2026-07-05T13:48:22","guid":{"rendered":"https:\/\/magicanews.enamazonas.lat\/?p=644"},"modified":"2026-07-05T13:48:23","modified_gmt":"2026-07-05T13:48:23","slug":"la-guaira-no-volvera-a-ser-la-misma-teran-anuncia-transformacion-urbana-tras-los-sismos","status":"publish","type":"post","link":"https:\/\/magicanews.enamazonas.lat\/?p=644","title":{"rendered":"La Guaira no volver\u00e1 a ser la misma: Ter\u00e1n anuncia transformaci\u00f3n urbana tras los sismos"},"content":{"rendered":"\n<p class=\"wp-block-paragraph\">La Guaira, Venezuela. \u2013 A casi dos semanas de los terremotos del 24 de junio que sacudieron con mayor crudeza al litoral central, el gobernador Jos\u00e9 Alejandro Ter\u00e1n fue contundente: la recuperaci\u00f3n del estado no pasar\u00e1 por un simple maquillaje de lo que colaps\u00f3. Ser\u00e1, dijo, una transformaci\u00f3n profunda y una rezonificaci\u00f3n obligada del territorio.<\/p>\n\n\n\n<p class=\"wp-block-paragraph\">En declaraciones desde el puesto de comando de la emergencia, el mandatario regional descart\u00f3 de plano la reposici\u00f3n de edificios de gran altura en las zonas m\u00e1s golpeadas por el movimiento tel\u00farico. \u00abNo se trata de reconstruir lo mismo en el mismo sitio\u00bb, advirti\u00f3, abriendo la puerta a un redise\u00f1o urbano que, de concretarse, modificar\u00eda para siempre el perfil arquitect\u00f3nico del litoral central.<\/p>\n\n\n\n<p class=\"wp-block-paragraph\">Pero las decisiones, aclar\u00f3 Ter\u00e1n, no ser\u00e1n improvisadas ni pol\u00edticas. El peso final recaer\u00e1 en una comisi\u00f3n presidencial de especialistas, encargada de los estudios geol\u00f3gicos y estructurales del terreno, que trabajar\u00e1 de la mano con la Vicepresidencia de Obras P\u00fablicas. Ser\u00e1n ellos quienes determinen, con datos en mano, qu\u00e9 infraestructura es recuperable y cu\u00e1l debe ser demolida o reubicada.<\/p>\n\n\n\n<p class=\"wp-block-paragraph\">Los detalles de esta nueva ordenaci\u00f3n territorial, dijo el gobernador, se ir\u00e1n conociendo de manera progresiva a medida que los estudios avancen. Mientras tanto, La Guaira se enfrenta a una pregunta que pocos se atrev\u00edan a formular antes del 24 de junio: \u00bfc\u00f3mo se reconstruye una ciudad sin repetir los errores del pasado?<\/p>\n\n\n\n<figure class=\"wp-block-gallery has-nested-images columns-default is-cropped wp-block-gallery-1 is-layout-flex wp-block-gallery-is-layout-flex\">\n<figure class=\"wp-block-image size-large\"><img loading=\"lazy\" decoding=\"async\" width=\"922\" height=\"1024\" data-id=\"646\" src=\"https:\/\/magicanews.enamazonas.lat\/wp-content\/uploads\/2026\/07\/1003277789-922x1024.jpg\" alt=\"\" class=\"wp-image-646\" srcset=\"https:\/\/magicanews.enamazonas.lat\/wp-content\/uploads\/2026\/07\/1003277789-922x1024.jpg 922w, https:\/\/magicanews.enamazonas.lat\/wp-content\/uploads\/2026\/07\/1003277789-270x300.jpg 270w, https:\/\/magicanews.enamazonas.lat\/wp-content\/uploads\/2026\/07\/1003277789-768x853.jpg 768w, https:\/\/magicanews.enamazonas.lat\/wp-content\/uploads\/2026\/07\/1003277789-1024x1137.jpg 1024w, https:\/\/magicanews.enamazonas.lat\/wp-content\/uploads\/2026\/07\/1003277789.jpg 1080w\" sizes=\"auto, (max-width: 922px) 100vw, 922px\" \/><\/figure>\n\n\n\n<figure class=\"wp-block-image size-large\"><img loading=\"lazy\" decoding=\"async\" width=\"1024\" height=\"1024\" data-id=\"647\" src=\"https:\/\/magicanews.enamazonas.lat\/wp-content\/uploads\/2026\/07\/1003277787-1024x1024.jpg\" alt=\"\" class=\"wp-image-647\" srcset=\"https:\/\/magicanews.enamazonas.lat\/wp-content\/uploads\/2026\/07\/1003277787-1024x1024.jpg 1024w, https:\/\/magicanews.enamazonas.lat\/wp-content\/uploads\/2026\/07\/1003277787-300x300.jpg 300w, https:\/\/magicanews.enamazonas.lat\/wp-content\/uploads\/2026\/07\/1003277787-150x150.jpg 150w, https:\/\/magicanews.enamazonas.lat\/wp-content\/uploads\/2026\/07\/1003277787-768x768.jpg 768w, https:\/\/magicanews.enamazonas.lat\/wp-content\/uploads\/2026\/07\/1003277787.jpg 1080w\" sizes=\"auto, (max-width: 1024px) 100vw, 1024px\" \/><\/figure>\n\n\n\n<figure class=\"wp-block-image size-large\"><img loading=\"lazy\" decoding=\"async\" width=\"964\" height=\"1024\" data-id=\"650\" src=\"https:\/\/magicanews.enamazonas.lat\/wp-content\/uploads\/2026\/07\/1003277783-964x1024.jpg\" alt=\"\" class=\"wp-image-650\" srcset=\"https:\/\/magicanews.enamazonas.lat\/wp-content\/uploads\/2026\/07\/1003277783-964x1024.jpg 964w, https:\/\/magicanews.enamazonas.lat\/wp-content\/uploads\/2026\/07\/1003277783-282x300.jpg 282w, https:\/\/magicanews.enamazonas.lat\/wp-content\/uploads\/2026\/07\/1003277783-768x816.jpg 768w, https:\/\/magicanews.enamazonas.lat\/wp-content\/uploads\/2026\/07\/1003277783-1024x1088.jpg 1024w, https:\/\/magicanews.enamazonas.lat\/wp-content\/uploads\/2026\/07\/1003277783.jpg 1080w\" sizes=\"auto, (max-width: 964px) 100vw, 964px\" \/><\/figure>\n\n\n\n<figure class=\"wp-block-image size-large\"><img loading=\"lazy\" decoding=\"async\" width=\"988\" height=\"1024\" data-id=\"651\" src=\"https:\/\/magicanews.enamazonas.lat\/wp-content\/uploads\/2026\/07\/1003277781-988x1024.jpg\" alt=\"\" class=\"wp-image-651\" srcset=\"https:\/\/magicanews.enamazonas.lat\/wp-content\/uploads\/2026\/07\/1003277781-988x1024.jpg 988w, https:\/\/magicanews.enamazonas.lat\/wp-content\/uploads\/2026\/07\/1003277781-290x300.jpg 290w, https:\/\/magicanews.enamazonas.lat\/wp-content\/uploads\/2026\/07\/1003277781-768x796.jpg 768w, https:\/\/magicanews.enamazonas.lat\/wp-content\/uploads\/2026\/07\/1003277781-1024x1061.jpg 1024w, https:\/\/magicanews.enamazonas.lat\/wp-content\/uploads\/2026\/07\/1003277781.jpg 1080w\" sizes=\"auto, (max-width: 988px) 100vw, 988px\" \/><\/figure>\n\n\n\n<figure class=\"wp-block-image size-large\"><img loading=\"lazy\" decoding=\"async\" width=\"907\" height=\"1024\" data-id=\"653\" src=\"https:\/\/magicanews.enamazonas.lat\/wp-content\/uploads\/2026\/07\/1003277779-907x1024.jpg\" alt=\"\" class=\"wp-image-653\" srcset=\"https:\/\/magicanews.enamazonas.lat\/wp-content\/uploads\/2026\/07\/1003277779-907x1024.jpg 907w, https:\/\/magicanews.enamazonas.lat\/wp-content\/uploads\/2026\/07\/1003277779-266x300.jpg 266w, https:\/\/magicanews.enamazonas.lat\/wp-content\/uploads\/2026\/07\/1003277779-768x867.jpg 768w, https:\/\/magicanews.enamazonas.lat\/wp-content\/uploads\/2026\/07\/1003277779-1024x1156.jpg 1024w, https:\/\/magicanews.enamazonas.lat\/wp-content\/uploads\/2026\/07\/1003277779.jpg 1080w\" sizes=\"auto, (max-width: 907px) 100vw, 907px\" \/><\/figure>\n\n\n\n<figure class=\"wp-block-image size-large\"><img loading=\"lazy\" decoding=\"async\" width=\"906\" height=\"1024\" data-id=\"654\" src=\"https:\/\/magicanews.enamazonas.lat\/wp-content\/uploads\/2026\/07\/1003277777-906x1024.jpg\" alt=\"\" class=\"wp-image-654\" srcset=\"https:\/\/magicanews.enamazonas.lat\/wp-content\/uploads\/2026\/07\/1003277777-906x1024.jpg 906w, https:\/\/magicanews.enamazonas.lat\/wp-content\/uploads\/2026\/07\/1003277777-265x300.jpg 265w, https:\/\/magicanews.enamazonas.lat\/wp-content\/uploads\/2026\/07\/1003277777-768x868.jpg 768w, https:\/\/magicanews.enamazonas.lat\/wp-content\/uploads\/2026\/07\/1003277777-1024x1158.jpg 1024w, https:\/\/magicanews.enamazonas.lat\/wp-content\/uploads\/2026\/07\/1003277777.jpg 1080w\" sizes=\"auto, (max-width: 906px) 100vw, 906px\" \/><\/figure>\n\n\n\n<figure class=\"wp-block-image size-large\"><img loading=\"lazy\" decoding=\"async\" width=\"836\" height=\"1024\" data-id=\"652\" src=\"https:\/\/magicanews.enamazonas.lat\/wp-content\/uploads\/2026\/07\/1003277775-836x1024.jpg\" alt=\"\" class=\"wp-image-652\" srcset=\"https:\/\/magicanews.enamazonas.lat\/wp-content\/uploads\/2026\/07\/1003277775-836x1024.jpg 836w, https:\/\/magicanews.enamazonas.lat\/wp-content\/uploads\/2026\/07\/1003277775-245x300.jpg 245w, https:\/\/magicanews.enamazonas.lat\/wp-content\/uploads\/2026\/07\/1003277775-768x941.jpg 768w, https:\/\/magicanews.enamazonas.lat\/wp-content\/uploads\/2026\/07\/1003277775-1024x1254.jpg 1024w, https:\/\/magicanews.enamazonas.lat\/wp-content\/uploads\/2026\/07\/1003277775.jpg 1080w\" sizes=\"auto, (max-width: 836px) 100vw, 836px\" \/><\/figure>\n\n\n\n<figure class=\"wp-block-image size-large\"><img loading=\"lazy\" decoding=\"async\" width=\"935\" height=\"1024\" data-id=\"655\" src=\"https:\/\/magicanews.enamazonas.lat\/wp-content\/uploads\/2026\/07\/1003277772-935x1024.jpg\" alt=\"\" class=\"wp-image-655\" srcset=\"https:\/\/magicanews.enamazonas.lat\/wp-content\/uploads\/2026\/07\/1003277772-935x1024.jpg 935w, https:\/\/magicanews.enamazonas.lat\/wp-content\/uploads\/2026\/07\/1003277772-274x300.jpg 274w, https:\/\/magicanews.enamazonas.lat\/wp-content\/uploads\/2026\/07\/1003277772-768x841.jpg 768w, https:\/\/magicanews.enamazonas.lat\/wp-content\/uploads\/2026\/07\/1003277772-1024x1122.jpg 1024w, https:\/\/magicanews.enamazonas.lat\/wp-content\/uploads\/2026\/07\/1003277772.jpg 1080w\" sizes=\"auto, (max-width: 935px) 100vw, 935px\" \/><\/figure>\n\n\n\n<figure class=\"wp-block-image size-large\"><img loading=\"lazy\" decoding=\"async\" width=\"772\" height=\"1024\" data-id=\"648\" src=\"https:\/\/magicanews.enamazonas.lat\/wp-content\/uploads\/2026\/07\/1003277770-772x1024.jpg\" alt=\"\" class=\"wp-image-648\" srcset=\"https:\/\/magicanews.enamazonas.lat\/wp-content\/uploads\/2026\/07\/1003277770-772x1024.jpg 772w, https:\/\/magicanews.enamazonas.lat\/wp-content\/uploads\/2026\/07\/1003277770-226x300.jpg 226w, https:\/\/magicanews.enamazonas.lat\/wp-content\/uploads\/2026\/07\/1003277770-768x1019.jpg 768w, https:\/\/magicanews.enamazonas.lat\/wp-content\/uploads\/2026\/07\/1003277770.jpg 874w\" sizes=\"auto, (max-width: 772px) 100vw, 772px\" \/><\/figure>\n\n\n\n<figure class=\"wp-block-image size-large\"><img loading=\"lazy\" decoding=\"async\" width=\"749\" height=\"1024\" data-id=\"649\" src=\"https:\/\/magicanews.enamazonas.lat\/wp-content\/uploads\/2026\/07\/1003277768-749x1024.jpg\" alt=\"\" class=\"wp-image-649\" srcset=\"https:\/\/magicanews.enamazonas.lat\/wp-content\/uploads\/2026\/07\/1003277768-749x1024.jpg 749w, https:\/\/magicanews.enamazonas.lat\/wp-content\/uploads\/2026\/07\/1003277768-219x300.jpg 219w, https:\/\/magicanews.enamazonas.lat\/wp-content\/uploads\/2026\/07\/1003277768-768x1051.jpg 768w, https:\/\/magicanews.enamazonas.lat\/wp-content\/uploads\/2026\/07\/1003277768.jpg 894w\" sizes=\"auto, (max-width: 749px) 100vw, 749px\" \/><\/figure>\n<\/figure>\n","protected":false},"excerpt":{"rendered":"<p>La Guaira, Venezuela. \u2013 A casi dos semanas de los terremotos del 24 de junio&#8230;<\/p>\n","protected":false},"author":3,"featured_media":645,"comment_status":"open","ping_status":"open","sticky":false,"template":"","format":"standard","meta":{"footnotes":""},"categories":[5,3],"tags":[354,353,242,352,273,46],"class_list":["post-644","post","type-post","status-publish","format-standard","has-post-thumbnail","hentry","category-nacionales","category-noticias","tag-alejandro-teran","tag-gobernador","tag-la-guaira","tag-recuperacion","tag-terremotos","tag-venezuela"],"_links":{"self":[{"href":"https:\/\/magicanews.enamazonas.lat\/index.php?rest_route=\/wp\/v2\/posts\/644","targetHints":{"allow":["GET"]}}],"collection":[{"href":"https:\/\/magicanews.enamazonas.lat\/index.php?rest_route=\/wp\/v2\/posts"}],"about":[{"href":"https:\/\/magicanews.enamazonas.lat\/index.php?rest_route=\/wp\/v2\/types\/post"}],"author":[{"embeddable":true,"href":"https:\/\/magicanews.enamazonas.lat\/index.php?rest_route=\/wp\/v2\/users\/3"}],"replies":[{"embeddable":true,"href":"https:\/\/magicanews.enamazonas.lat\/index.php?rest_route=%2Fwp%2Fv2%2Fcomments&post=644"}],"version-history":[{"count":1,"href":"https:\/\/magicanews.enamazonas.lat\/index.php?rest_route=\/wp\/v2\/posts\/644\/revisions"}],"predecessor-version":[{"id":656,"href":"https:\/\/magicanews.enamazonas.lat\/index.php?rest_route=\/wp\/v2\/posts\/644\/revisions\/656"}],"wp:featuredmedia":[{"embeddable":true,"href":"https:\/\/magicanews.enamazonas.lat\/index.php?rest_route=\/wp\/v2\/media\/645"}],"wp:attachment":[{"href":"https:\/\/magicanews.enamazonas.lat\/index.php?rest_route=%2Fwp%2Fv2%2Fmedia&parent=644"}],"wp:term":[{"taxonomy":"category","embeddable":true,"href":"https:\/\/magicanews.enamazonas.lat\/index.php?rest_route=%2Fwp%2Fv2%2Fcategories&post=644"},{"taxonomy":"post_tag","embeddable":true,"href":"https:\/\/magicanews.enamazonas.lat\/index.php?rest_route=%2Fwp%2Fv2%2Ftags&post=644"}],"curies":[{"name":"wp","href":"https:\/\/api.w.org\/{rel}","templated":true}]}}