{"id":657,"date":"2026-07-05T14:00:09","date_gmt":"2026-07-05T14:00:09","guid":{"rendered":"https:\/\/magicanews.enamazonas.lat\/?p=657"},"modified":"2026-07-05T14:00:10","modified_gmt":"2026-07-05T14:00:10","slug":"defensa-central-ruben-ramirez-vuelve-al-futbol-internacional","status":"publish","type":"post","link":"https:\/\/magicanews.enamazonas.lat\/?p=657","title":{"rendered":"Defensa central Rub\u00e9n Ram\u00edrez vuelve al f\u00fatbol internacional"},"content":{"rendered":"\n<p class=\"wp-block-paragraph\"><em>Ramirez fue anunciado de manera oficial como nuevo jugador del club Al Shorta FC de la primera liga Estrella de f\u00fatbol Irak (Iraq Stars League)<\/em><\/p>\n\n\n\n<p class=\"wp-block-paragraph\">Esta es la <em>5ta experiencia para el venezolano Ruben Ramirez de 30 a\u00f1os en el futbol internacional<\/em>.<\/p>\n\n\n\n<p class=\"wp-block-paragraph\">Ramirez ha recorrido:<\/p>\n\n\n\n<ul class=\"wp-block-list\">\n<li>Fortuna Sittard Holanda \ud83c\uddf3\ud83c\uddf1<\/li>\n\n\n\n<li>Fc Urartu Armenia \ud83c\udde6\ud83c\uddf2<\/li>\n\n\n\n<li>Bolivar fc Bolivia \ud83c\udde7\ud83c\uddf4<\/li>\n\n\n\n<li>Cusco Fc Per\u00fa \ud83c\uddf5\ud83c\uddea<\/li>\n\n\n\n<li>UCV Vzla \ud83c\uddfb\ud83c\uddea<\/li>\n\n\n\n<li>Al Shorta fc Irak \ud83c\uddee\ud83c\uddf6<\/li>\n<\/ul>\n","protected":false},"excerpt":{"rendered":"<p>Ramirez fue anunciado de manera oficial como nuevo jugador del club Al Shorta FC de&#8230;<\/p>\n","protected":false},"author":3,"featured_media":658,"comment_status":"open","ping_status":"open","sticky":false,"template":"","format":"standard","meta":{"footnotes":""},"categories":[8,3],"tags":[355,66,357,356],"class_list":["post-657","post","type-post","status-publish","format-standard","has-post-thumbnail","hentry","category-deportes","category-noticias","tag-deportes","tag-futbol-2","tag-iraq","tag-ruben-ramirez"],"_links":{"self":[{"href":"https:\/\/magicanews.enamazonas.lat\/index.php?rest_route=\/wp\/v2\/posts\/657","targetHints":{"allow":["GET"]}}],"collection":[{"href":"https:\/\/magicanews.enamazonas.lat\/index.php?rest_route=\/wp\/v2\/posts"}],"about":[{"href":"https:\/\/magicanews.enamazonas.lat\/index.php?rest_route=\/wp\/v2\/types\/post"}],"author":[{"embeddable":true,"href":"https:\/\/magicanews.enamazonas.lat\/index.php?rest_route=\/wp\/v2\/users\/3"}],"replies":[{"embeddable":true,"href":"https:\/\/magicanews.enamazonas.lat\/index.php?rest_route=%2Fwp%2Fv2%2Fcomments&post=657"}],"version-history":[{"count":1,"href":"https:\/\/magicanews.enamazonas.lat\/index.php?rest_route=\/wp\/v2\/posts\/657\/revisions"}],"predecessor-version":[{"id":659,"href":"https:\/\/magicanews.enamazonas.lat\/index.php?rest_route=\/wp\/v2\/posts\/657\/revisions\/659"}],"wp:featuredmedia":[{"embeddable":true,"href":"https:\/\/magicanews.enamazonas.lat\/index.php?rest_route=\/wp\/v2\/media\/658"}],"wp:attachment":[{"href":"https:\/\/magicanews.enamazonas.lat\/index.php?rest_route=%2Fwp%2Fv2%2Fmedia&parent=657"}],"wp:term":[{"taxonomy":"category","embeddable":true,"href":"https:\/\/magicanews.enamazonas.lat\/index.php?rest_route=%2Fwp%2Fv2%2Fcategories&post=657"},{"taxonomy":"post_tag","embeddable":true,"href":"https:\/\/magicanews.enamazonas.lat\/index.php?rest_route=%2Fwp%2Fv2%2Ftags&post=657"}],"curies":[{"name":"wp","href":"https:\/\/api.w.org\/{rel}","templated":true}]}}