{"id":670,"date":"2026-07-05T22:39:07","date_gmt":"2026-07-05T22:39:07","guid":{"rendered":"https:\/\/magicanews.enamazonas.lat\/?p=670"},"modified":"2026-07-05T22:39:08","modified_gmt":"2026-07-05T22:39:08","slug":"5-de-julio-la-patria-que-nacio-libre-el-pueblo-que-siempre-se-levanta","status":"publish","type":"post","link":"https:\/\/magicanews.enamazonas.lat\/?p=670","title":{"rendered":"5 de julio: \u00abLa Patria que naci\u00f3 libre, el pueblo que siempre se levanta"},"content":{"rendered":"\n<p class=\"wp-block-paragraph\">Hoy, 5 de julio, celebramos el nacimiento de nuestra soberan\u00eda. Aquel 1811, hombres y mujeres valientes firmaron el acta que nos declar\u00f3 libres. Venezuela fue la primera colonia de Sudam\u00e9rica en alzar su voz y decir: \u00abSomos due\u00f1os de nuestro destino\u00bb.<\/p>\n\n\n\n<p class=\"wp-block-paragraph\">\ud83c\udfcb\ud83c\udffd<br>Pero esta fecha, la Patria amanece con el alma herida. El 24 de junio, la tierra tembl\u00f3 y nos record\u00f3 lo fr\u00e1giles que somos. El dolor es real, y la tristeza se siente en cada rinc\u00f3n.<\/p>\n\n\n\n<p class=\"wp-block-paragraph\">\ud83d\udce2<br>Sin embargo, Venezuela no es un pa\u00eds que se rinde ante la adversidad. Nuestra historia est\u00e1 hecha de resistencia. De batallas que parec\u00edan perdidas, pero que ganamos. De derrotas que se convirtieron en aprendizajes. De un pueblo que, cuando todo parece oscuro, enciende la luz de la solidaridad.<\/p>\n\n\n\n<p class=\"wp-block-paragraph\">\ud83e\uddd7\ud83c\udffd\ud83d\udeb5\ud83c\udffd<br>Hoy honramos nuestra independencia con respeto y con la mirada puesta en quienes han perdido tanto. Pero tambi\u00e9n con la certeza de que, as\u00ed como nuestros pr\u00f3ceres no se rindieron ante el imperio, nosotros no nos rendimos ante el dolor.<\/p>\n\n\n\n<p class=\"wp-block-paragraph\">\ud83d\udcc3\ud83d\udd8b\ufe0f<br>Que la memoria de Bol\u00edvar, de Miranda, de todos aquellos que nos dieron Patria, nos inspire a seguir adelante. Que la solidaridad entre vecinos sea nuestra mejor bandera. Que la esperanza nos sostenga.<\/p>\n\n\n\n<p class=\"wp-block-paragraph\">\ud83d\udd4a\ufe0f\ud83e\udd9a<br>Porque Venezuela naci\u00f3 libre y sigue siendo libre. Y porque cuando la tierra tiembla, el pueblo se abraza.<\/p>\n\n\n\n<p class=\"wp-block-paragraph\">\ud83e\udd1d<br>\u00abDe la Independencia a la resistencia: siempre de pie\u00bb<\/p>\n\n\n\n<p class=\"wp-block-paragraph\"><\/p>\n","protected":false},"excerpt":{"rendered":"<p>Hoy, 5 de julio, celebramos el nacimiento de nuestra soberan\u00eda. Aquel 1811, hombres y mujeres&#8230;<\/p>\n","protected":false},"author":3,"featured_media":671,"comment_status":"open","ping_status":"open","sticky":false,"template":"","format":"standard","meta":{"footnotes":""},"categories":[5,3],"tags":[368,332,46],"class_list":["post-670","post","type-post","status-publish","format-standard","has-post-thumbnail","hentry","category-nacionales","category-noticias","tag-5-de-julio","tag-independencia","tag-venezuela"],"_links":{"self":[{"href":"https:\/\/magicanews.enamazonas.lat\/index.php?rest_route=\/wp\/v2\/posts\/670","targetHints":{"allow":["GET"]}}],"collection":[{"href":"https:\/\/magicanews.enamazonas.lat\/index.php?rest_route=\/wp\/v2\/posts"}],"about":[{"href":"https:\/\/magicanews.enamazonas.lat\/index.php?rest_route=\/wp\/v2\/types\/post"}],"author":[{"embeddable":true,"href":"https:\/\/magicanews.enamazonas.lat\/index.php?rest_route=\/wp\/v2\/users\/3"}],"replies":[{"embeddable":true,"href":"https:\/\/magicanews.enamazonas.lat\/index.php?rest_route=%2Fwp%2Fv2%2Fcomments&post=670"}],"version-history":[{"count":1,"href":"https:\/\/magicanews.enamazonas.lat\/index.php?rest_route=\/wp\/v2\/posts\/670\/revisions"}],"predecessor-version":[{"id":672,"href":"https:\/\/magicanews.enamazonas.lat\/index.php?rest_route=\/wp\/v2\/posts\/670\/revisions\/672"}],"wp:featuredmedia":[{"embeddable":true,"href":"https:\/\/magicanews.enamazonas.lat\/index.php?rest_route=\/wp\/v2\/media\/671"}],"wp:attachment":[{"href":"https:\/\/magicanews.enamazonas.lat\/index.php?rest_route=%2Fwp%2Fv2%2Fmedia&parent=670"}],"wp:term":[{"taxonomy":"category","embeddable":true,"href":"https:\/\/magicanews.enamazonas.lat\/index.php?rest_route=%2Fwp%2Fv2%2Fcategories&post=670"},{"taxonomy":"post_tag","embeddable":true,"href":"https:\/\/magicanews.enamazonas.lat\/index.php?rest_route=%2Fwp%2Fv2%2Ftags&post=670"}],"curies":[{"name":"wp","href":"https:\/\/api.w.org\/{rel}","templated":true}]}}