{"id":676,"date":"2026-07-06T20:47:21","date_gmt":"2026-07-06T20:47:21","guid":{"rendered":"https:\/\/magicanews.enamazonas.lat\/?p=676"},"modified":"2026-07-06T20:47:22","modified_gmt":"2026-07-06T20:47:22","slug":"murio-el-capitan-de-la-seleccion-nacional-de-voleibol-junto-a-su-esposa-e-hija","status":"publish","type":"post","link":"https:\/\/magicanews.enamazonas.lat\/?p=676","title":{"rendered":"Muri\u00f3 el Capit\u00e1n de la selecci\u00f3n nacional de voleibol junto a su esposa e hija"},"content":{"rendered":"\n<p class=\"wp-block-paragraph\">Este domingo 5 de julio se confirm\u00f3 el fallecimiento de Willner Rivas, capit\u00e1n de la selecci\u00f3n nacional masculina de voleibol, junto a su esposa e hijo tras el colapso de su residencia durante los sismos del pasado 24 de junio.<\/p>\n\n\n\n<p class=\"wp-block-paragraph\">Rivas, un referente indiscutible de la \u00abVinotinto de la malla alta\u00bb, fue localizado por los equipos de rescate entre los escombros del edificio Los Monjes, ubicado en La Guaira.<\/p>\n\n\n\n<p class=\"wp-block-paragraph\">Seg\u00fan los reportes preliminares, el atleta fue hallado en un \u00faltimo gesto de protecci\u00f3n, abrazado a sus seres queridos bajo las ruinas de la edificaci\u00f3n, cuyo desplome total hab\u00eda complicado las labores de salvamento desde el inicio de la emergencia.<\/p>\n\n\n\n<p class=\"wp-block-paragraph\">Fuente: Contrapunto<\/p>\n","protected":false},"excerpt":{"rendered":"<p>Este domingo 5 de julio se confirm\u00f3 el fallecimiento de Willner Rivas, capit\u00e1n de la&#8230;<\/p>\n","protected":false},"author":3,"featured_media":677,"comment_status":"open","ping_status":"open","sticky":false,"template":"","format":"standard","meta":{"footnotes":""},"categories":[8,5,3],"tags":[372,262,242,373,273,46,374],"class_list":["post-676","post","type-post","status-publish","format-standard","has-post-thumbnail","hentry","category-deportes","category-nacionales","category-noticias","tag-capitan","tag-fallecio","tag-la-guaira","tag-seleccion-nacional","tag-terremotos","tag-venezuela","tag-voleibol"],"_links":{"self":[{"href":"https:\/\/magicanews.enamazonas.lat\/index.php?rest_route=\/wp\/v2\/posts\/676","targetHints":{"allow":["GET"]}}],"collection":[{"href":"https:\/\/magicanews.enamazonas.lat\/index.php?rest_route=\/wp\/v2\/posts"}],"about":[{"href":"https:\/\/magicanews.enamazonas.lat\/index.php?rest_route=\/wp\/v2\/types\/post"}],"author":[{"embeddable":true,"href":"https:\/\/magicanews.enamazonas.lat\/index.php?rest_route=\/wp\/v2\/users\/3"}],"replies":[{"embeddable":true,"href":"https:\/\/magicanews.enamazonas.lat\/index.php?rest_route=%2Fwp%2Fv2%2Fcomments&post=676"}],"version-history":[{"count":1,"href":"https:\/\/magicanews.enamazonas.lat\/index.php?rest_route=\/wp\/v2\/posts\/676\/revisions"}],"predecessor-version":[{"id":678,"href":"https:\/\/magicanews.enamazonas.lat\/index.php?rest_route=\/wp\/v2\/posts\/676\/revisions\/678"}],"wp:featuredmedia":[{"embeddable":true,"href":"https:\/\/magicanews.enamazonas.lat\/index.php?rest_route=\/wp\/v2\/media\/677"}],"wp:attachment":[{"href":"https:\/\/magicanews.enamazonas.lat\/index.php?rest_route=%2Fwp%2Fv2%2Fmedia&parent=676"}],"wp:term":[{"taxonomy":"category","embeddable":true,"href":"https:\/\/magicanews.enamazonas.lat\/index.php?rest_route=%2Fwp%2Fv2%2Fcategories&post=676"},{"taxonomy":"post_tag","embeddable":true,"href":"https:\/\/magicanews.enamazonas.lat\/index.php?rest_route=%2Fwp%2Fv2%2Ftags&post=676"}],"curies":[{"name":"wp","href":"https:\/\/api.w.org\/{rel}","templated":true}]}}