{"id":684,"date":"2026-07-06T21:25:52","date_gmt":"2026-07-06T21:25:52","guid":{"rendered":"https:\/\/magicanews.enamazonas.lat\/?p=684"},"modified":"2026-07-06T21:25:53","modified_gmt":"2026-07-06T21:25:53","slug":"la-guaira-incertidumbre-por-la-cifra-de-desaparecidos-tras-terremotos-en-venezuela","status":"publish","type":"post","link":"https:\/\/magicanews.enamazonas.lat\/?p=684","title":{"rendered":"La Guaira: Incertidumbre por la cifra de desaparecidos tras terremotos en Venezuela"},"content":{"rendered":"\n<p class=\"wp-block-paragraph\">Existe marcada disparidad entre los datos gubernamentales y los registros comunitarios sobre las personas con las que no se ha establecido comunicaci\u00f3n. Aunque el Ejecutivo dispuso de una l\u00ednea telef\u00f3nica y una plataforma digital para procesar los reportes, los organismos p\u00fablicos no actualizan la lista de desaparecidos desde el 25 de junio, cuando fijaron el n\u00famero en 157 ciudadanos.<\/p>\n\n\n\n<p class=\"wp-block-paragraph\">En contraste, la iniciativa ciudadana Desaparecidos Terremoto Venezuela \u2013plataforma web independiente donde los usuarios reportan a familiares en paradero desconocido\u2013 ya registra m\u00e1s de 30.000 personas con las que no se ha podido entablar contacto.<\/p>\n\n\n\n<figure class=\"wp-block-embed is-type-video is-provider-youtube wp-block-embed-youtube wp-embed-aspect-16-9 wp-has-aspect-ratio\"><div class=\"wp-block-embed__wrapper\">\n<iframe loading=\"lazy\" title=\"Las noches del terror en La Guaira: sobrevivientes denuncian abandono tras el terremoto\" width=\"640\" height=\"360\" src=\"https:\/\/www.youtube.com\/embed\/Ca_USKREx-g?feature=oembed\" frameborder=\"0\" allow=\"accelerometer; autoplay; clipboard-write; encrypted-media; gyroscope; picture-in-picture; web-share\" referrerpolicy=\"strict-origin-when-cross-origin\" allowfullscreen><\/iframe>\n<\/div><\/figure>\n\n\n\n<p class=\"wp-block-paragraph\">Fuente: El Nacional<\/p>\n","protected":false},"excerpt":{"rendered":"<p>Existe marcada disparidad entre los datos gubernamentales y los registros comunitarios sobre las personas con&#8230;<\/p>\n","protected":false},"author":3,"featured_media":623,"comment_status":"open","ping_status":"open","sticky":false,"template":"","format":"standard","meta":{"footnotes":""},"categories":[5,3],"tags":[250,375,242,240,46],"class_list":["post-684","post","type-post","status-publish","format-standard","has-post-thumbnail","hentry","category-nacionales","category-noticias","tag-desaparecidos","tag-incertidumbre","tag-la-guaira","tag-terremoto","tag-venezuela"],"_links":{"self":[{"href":"https:\/\/magicanews.enamazonas.lat\/index.php?rest_route=\/wp\/v2\/posts\/684","targetHints":{"allow":["GET"]}}],"collection":[{"href":"https:\/\/magicanews.enamazonas.lat\/index.php?rest_route=\/wp\/v2\/posts"}],"about":[{"href":"https:\/\/magicanews.enamazonas.lat\/index.php?rest_route=\/wp\/v2\/types\/post"}],"author":[{"embeddable":true,"href":"https:\/\/magicanews.enamazonas.lat\/index.php?rest_route=\/wp\/v2\/users\/3"}],"replies":[{"embeddable":true,"href":"https:\/\/magicanews.enamazonas.lat\/index.php?rest_route=%2Fwp%2Fv2%2Fcomments&post=684"}],"version-history":[{"count":1,"href":"https:\/\/magicanews.enamazonas.lat\/index.php?rest_route=\/wp\/v2\/posts\/684\/revisions"}],"predecessor-version":[{"id":685,"href":"https:\/\/magicanews.enamazonas.lat\/index.php?rest_route=\/wp\/v2\/posts\/684\/revisions\/685"}],"wp:featuredmedia":[{"embeddable":true,"href":"https:\/\/magicanews.enamazonas.lat\/index.php?rest_route=\/wp\/v2\/media\/623"}],"wp:attachment":[{"href":"https:\/\/magicanews.enamazonas.lat\/index.php?rest_route=%2Fwp%2Fv2%2Fmedia&parent=684"}],"wp:term":[{"taxonomy":"category","embeddable":true,"href":"https:\/\/magicanews.enamazonas.lat\/index.php?rest_route=%2Fwp%2Fv2%2Fcategories&post=684"},{"taxonomy":"post_tag","embeddable":true,"href":"https:\/\/magicanews.enamazonas.lat\/index.php?rest_route=%2Fwp%2Fv2%2Ftags&post=684"}],"curies":[{"name":"wp","href":"https:\/\/api.w.org\/{rel}","templated":true}]}}