{"id":698,"date":"2026-07-13T12:26:28","date_gmt":"2026-07-13T12:26:28","guid":{"rendered":"https:\/\/magicanews.enamazonas.lat\/?p=698"},"modified":"2026-07-13T12:26:28","modified_gmt":"2026-07-13T12:26:28","slug":"peru-el-escudo-legal-de-la-selva-las-escuelas-de-formacion-indigena-que-estan-haciendo-historia","status":"publish","type":"post","link":"https:\/\/magicanews.enamazonas.lat\/?p=698","title":{"rendered":"Per\u00fa &#8211; \u00a1EL ESCUDO LEGAL DE LA SELVA: LAS ESCUELAS DE FORMACI\u00d3N IND\u00cdGENA QUE EST\u00c1N HACIENDO HISTORIA!"},"content":{"rendered":"\n<p class=\"wp-block-paragraph\">La defensa de la Amazon\u00eda ha dado un salto cu\u00e1ntico gracias a la visi\u00f3n de organizaciones como AIDESEP. Ya no basta con proteger el territorio f\u00edsicamente; hoy, los l\u00edderes ind\u00edgenas se est\u00e1n armando con la herramienta m\u00e1s poderosa de la modernidad: el derecho. <\/p>\n\n\n\n<p class=\"wp-block-paragraph\">A trav\u00e9s de sus escuelas de formaci\u00f3n en defensa territorial, est\u00e1n capacitando a nuevos l\u00edderes para dominar leyes, marcos constitucionales y tratados internacionales, transformando la lucha por sus ecosistemas en una batalla legal imparable.<\/p>\n\n\n\n<p class=\"wp-block-paragraph\">Para estos l\u00edderes, la tierra no es una propiedad; es un sujeto inseparable de su identidad. Cuando un l\u00edder ind\u00edgena de la escuela de AIDESEP se planta frente a una autoridad o una empresa, no habla solo por un \u00e1rbol o un r\u00edo, habla por su cosmovisi\u00f3n y su derecho a existir como pueblo. <\/p>\n\n\n\n<p class=\"wp-block-paragraph\">Al dominar el lenguaje legal, est\u00e1n logrando que la justicia reconozca que destruir su bosque es destruir su pasado, presente y futuro. Es una forma de empoderamiento que asegura que la voz ind\u00edgena sea escuchada, respetada y, sobre todo, vinculante en las decisiones sobre el destino de la Amazon\u00eda.<\/p>\n","protected":false},"excerpt":{"rendered":"<p>La defensa de la Amazon\u00eda ha dado un salto cu\u00e1ntico gracias a la visi\u00f3n de&#8230;<\/p>\n","protected":false},"author":3,"featured_media":699,"comment_status":"open","ping_status":"open","sticky":false,"template":"","format":"standard","meta":{"footnotes":""},"categories":[6,3,16],"tags":[47,86,382],"class_list":["post-698","post","type-post","status-publish","format-standard","has-post-thumbnail","hentry","category-internacionales","category-noticias","category-opinion","tag-amazonas","tag-amazonia","tag-peru"],"_links":{"self":[{"href":"https:\/\/magicanews.enamazonas.lat\/index.php?rest_route=\/wp\/v2\/posts\/698","targetHints":{"allow":["GET"]}}],"collection":[{"href":"https:\/\/magicanews.enamazonas.lat\/index.php?rest_route=\/wp\/v2\/posts"}],"about":[{"href":"https:\/\/magicanews.enamazonas.lat\/index.php?rest_route=\/wp\/v2\/types\/post"}],"author":[{"embeddable":true,"href":"https:\/\/magicanews.enamazonas.lat\/index.php?rest_route=\/wp\/v2\/users\/3"}],"replies":[{"embeddable":true,"href":"https:\/\/magicanews.enamazonas.lat\/index.php?rest_route=%2Fwp%2Fv2%2Fcomments&post=698"}],"version-history":[{"count":1,"href":"https:\/\/magicanews.enamazonas.lat\/index.php?rest_route=\/wp\/v2\/posts\/698\/revisions"}],"predecessor-version":[{"id":700,"href":"https:\/\/magicanews.enamazonas.lat\/index.php?rest_route=\/wp\/v2\/posts\/698\/revisions\/700"}],"wp:featuredmedia":[{"embeddable":true,"href":"https:\/\/magicanews.enamazonas.lat\/index.php?rest_route=\/wp\/v2\/media\/699"}],"wp:attachment":[{"href":"https:\/\/magicanews.enamazonas.lat\/index.php?rest_route=%2Fwp%2Fv2%2Fmedia&parent=698"}],"wp:term":[{"taxonomy":"category","embeddable":true,"href":"https:\/\/magicanews.enamazonas.lat\/index.php?rest_route=%2Fwp%2Fv2%2Fcategories&post=698"},{"taxonomy":"post_tag","embeddable":true,"href":"https:\/\/magicanews.enamazonas.lat\/index.php?rest_route=%2Fwp%2Fv2%2Ftags&post=698"}],"curies":[{"name":"wp","href":"https:\/\/api.w.org\/{rel}","templated":true}]}}