{"id":711,"date":"2026-07-18T18:09:53","date_gmt":"2026-07-18T18:09:53","guid":{"rendered":"https:\/\/magicanews.enamazonas.lat\/?p=711"},"modified":"2026-07-18T18:09:55","modified_gmt":"2026-07-18T18:09:55","slug":"colombia-declaro-su-amazonia-libre-de-actividades-de-gran-mineria-e-hidrocarburos","status":"publish","type":"post","link":"https:\/\/magicanews.enamazonas.lat\/?p=711","title":{"rendered":"Colombia declar\u00f3 su Amazon\u00eda libre de actividades de gran miner\u00eda e hidrocarburos"},"content":{"rendered":"\n<p class=\"wp-block-paragraph\">Colombia anunci\u00f3 una de las medidas ambientales m\u00e1s importantes de los \u00faltimos a\u00f1os al declarar la Amazon\u00eda colombiana como una zona libre de nuevas actividades de gran miner\u00eda e hidrocarburos.<\/p>\n\n\n\n<p class=\"wp-block-paragraph\">La decisi\u00f3n impide el avance de 43 bloques de hidrocarburos y 286 solicitudes mineras dentro de este ecosistema, considerado uno de los m\u00e1s valiosos del planeta por su enorme biodiversidad y su papel en la regulaci\u00f3n del clima.<\/p>\n\n\n\n<p class=\"wp-block-paragraph\">La Amazon\u00eda de Colombia representa cerca del 42 % del territorio nacional y es hogar de numerosas comunidades ind\u00edgenas, adem\u00e1s de miles de especies de flora y fauna.<\/p>\n\n\n\n<p class=\"wp-block-paragraph\">Tambi\u00e9n cumple una funci\u00f3n clave en el almacenamiento de carbono y en el ciclo del agua, influyendo en las lluvias de gran parte de Sudam\u00e9rica.<\/p>\n\n\n\n<p class=\"wp-block-paragraph\">Especialistas consideran que proteger este bioma no solo beneficia a Colombia, sino que tambi\u00e9n aporta a la conservaci\u00f3n ambiental de toda la regi\u00f3n y fortalece los esfuerzos internacionales para preservar uno de los principales pulmones naturales del mundo.<\/p>\n","protected":false},"excerpt":{"rendered":"<p>Colombia anunci\u00f3 una de las medidas ambientales m\u00e1s importantes de los \u00faltimos a\u00f1os al declarar&#8230;<\/p>\n","protected":false},"author":2,"featured_media":712,"comment_status":"open","ping_status":"open","sticky":false,"template":"","format":"standard","meta":{"footnotes":""},"categories":[6,3],"tags":[86,75,388,390,387],"class_list":["post-711","post","type-post","status-publish","format-standard","has-post-thumbnail","hentry","category-internacionales","category-noticias","tag-amazonia","tag-colombia","tag-hidrocarburos","tag-medio-ambiente","tag-mineria"],"_links":{"self":[{"href":"https:\/\/magicanews.enamazonas.lat\/index.php?rest_route=\/wp\/v2\/posts\/711","targetHints":{"allow":["GET"]}}],"collection":[{"href":"https:\/\/magicanews.enamazonas.lat\/index.php?rest_route=\/wp\/v2\/posts"}],"about":[{"href":"https:\/\/magicanews.enamazonas.lat\/index.php?rest_route=\/wp\/v2\/types\/post"}],"author":[{"embeddable":true,"href":"https:\/\/magicanews.enamazonas.lat\/index.php?rest_route=\/wp\/v2\/users\/2"}],"replies":[{"embeddable":true,"href":"https:\/\/magicanews.enamazonas.lat\/index.php?rest_route=%2Fwp%2Fv2%2Fcomments&post=711"}],"version-history":[{"count":1,"href":"https:\/\/magicanews.enamazonas.lat\/index.php?rest_route=\/wp\/v2\/posts\/711\/revisions"}],"predecessor-version":[{"id":713,"href":"https:\/\/magicanews.enamazonas.lat\/index.php?rest_route=\/wp\/v2\/posts\/711\/revisions\/713"}],"wp:featuredmedia":[{"embeddable":true,"href":"https:\/\/magicanews.enamazonas.lat\/index.php?rest_route=\/wp\/v2\/media\/712"}],"wp:attachment":[{"href":"https:\/\/magicanews.enamazonas.lat\/index.php?rest_route=%2Fwp%2Fv2%2Fmedia&parent=711"}],"wp:term":[{"taxonomy":"category","embeddable":true,"href":"https:\/\/magicanews.enamazonas.lat\/index.php?rest_route=%2Fwp%2Fv2%2Fcategories&post=711"},{"taxonomy":"post_tag","embeddable":true,"href":"https:\/\/magicanews.enamazonas.lat\/index.php?rest_route=%2Fwp%2Fv2%2Ftags&post=711"}],"curies":[{"name":"wp","href":"https:\/\/api.w.org\/{rel}","templated":true}]}}