{"id":721,"date":"2026-08-12T20:16:44","date_gmt":"2026-08-12T20:16:44","guid":{"rendered":"https:\/\/magicanews.enamazonas.lat\/?p=721"},"modified":"2026-08-12T20:16:45","modified_gmt":"2026-08-12T20:16:45","slug":"sorprendente-el-ministro-del-interior-de-colombia-rodrigo-lara-admite-no-saber-que-ocurre-en-choco-tras-el-terremoto","status":"publish","type":"post","link":"https:\/\/magicanews.enamazonas.lat\/?p=721","title":{"rendered":"Sorprendente: el ministro del Interior de Colombia, Rodrigo Lara; admite no saber qu\u00e9 ocurre en Choc\u00f3 tras el terremoto"},"content":{"rendered":"\n<p class=\"wp-block-paragraph\">El director encargado de la UNGRD; el ministro del Interior, Rodrigo Lara; admite no saber qu\u00e9 ocurre en Choc\u00f3 tras el terremoto.<\/p>\n\n\n\n<p class=\"wp-block-paragraph\">El director encargado de la UNGRD, designado temporalmente por el presidente Abelardo De La Espriella, reconoci\u00f3 en entrevista con Caracol Noticias que no ten\u00eda informaci\u00f3n sobre la situaci\u00f3n en Choc\u00f3, 24 horas despu\u00e9s del terremoto.<\/p>\n\n\n\n<p class=\"wp-block-paragraph\">El funcionario explic\u00f3 que la respuesta nacional cuenta actualmente con 350 rescatistas, concentrados en los puntos considerados m\u00e1s cr\u00edticos. Sin embargo, reconoci\u00f3 que en algunos lugares las comunidades han tenido que adelantar por cuenta propia las labores de rescate.<\/p>\n\n\n\n<p class=\"wp-block-paragraph\">Como ejemplo, mencion\u00f3 el caso de Dosquebradas, donde, seg\u00fan su relato, encontr\u00f3 a la comunidad realizando directamente las labores para rescatar a las personas afectadas y no hab\u00eda presencia de rescatistas en ese momento.<\/p>\n\n\n\n<p class=\"wp-block-paragraph\">Al ser consultado espec\u00edficamente por la situaci\u00f3n en Choc\u00f3 y sobre la posibilidad de que exista un subregistro de v\u00edctimas, el ministro respondi\u00f3: \u201cNo s\u00e9, Choc\u00f3, yo estoy en Risaralda, con p\u00e9sima comunicaci\u00f3n\u201d. Posteriormente afirm\u00f3: \u201cNo s\u00e9 qu\u00e9 pasa en Choc\u00f3, para serle muy franco\u201d.<\/p>\n\n\n\n<p class=\"wp-block-paragraph\">El funcionario atribuy\u00f3 parte de las dificultades a los problemas de conectividad registrados durante la emergencia. Seg\u00fan explic\u00f3, pas\u00f3 buena parte de la noche sin comunicaci\u00f3n y el Puesto de Mando Unificado tambi\u00e9n present\u00f3 interrupciones en el servicio de internet.<\/p>\n\n\n\n<p class=\"wp-block-paragraph\">La declaraci\u00f3n se conoce mientras contin\u00faan las labores de b\u00fasqueda y rescate en las zonas m\u00e1s afectadas por el terremoto de magnitud 7,4, cuyo epicentro se ubic\u00f3 en Choc\u00f3, y mientras las autoridades consolidan el balance de v\u00edctimas y da\u00f1os.<\/p>\n","protected":false},"excerpt":{"rendered":"<p>El director encargado de la UNGRD; el ministro del Interior, Rodrigo Lara; admite no saber&#8230;<\/p>\n","protected":false},"author":3,"featured_media":722,"comment_status":"open","ping_status":"open","sticky":false,"template":"","format":"standard","meta":{"footnotes":""},"categories":[6],"tags":[397,75,399,398,400,240],"class_list":["post-721","post","type-post","status-publish","format-standard","has-post-thumbnail","hentry","category-internacionales","tag-choco","tag-colombia","tag-desconocimiento","tag-gobierno","tag-ministro-del-interior","tag-terremoto"],"_links":{"self":[{"href":"https:\/\/magicanews.enamazonas.lat\/index.php?rest_route=\/wp\/v2\/posts\/721","targetHints":{"allow":["GET"]}}],"collection":[{"href":"https:\/\/magicanews.enamazonas.lat\/index.php?rest_route=\/wp\/v2\/posts"}],"about":[{"href":"https:\/\/magicanews.enamazonas.lat\/index.php?rest_route=\/wp\/v2\/types\/post"}],"author":[{"embeddable":true,"href":"https:\/\/magicanews.enamazonas.lat\/index.php?rest_route=\/wp\/v2\/users\/3"}],"replies":[{"embeddable":true,"href":"https:\/\/magicanews.enamazonas.lat\/index.php?rest_route=%2Fwp%2Fv2%2Fcomments&post=721"}],"version-history":[{"count":1,"href":"https:\/\/magicanews.enamazonas.lat\/index.php?rest_route=\/wp\/v2\/posts\/721\/revisions"}],"predecessor-version":[{"id":723,"href":"https:\/\/magicanews.enamazonas.lat\/index.php?rest_route=\/wp\/v2\/posts\/721\/revisions\/723"}],"wp:featuredmedia":[{"embeddable":true,"href":"https:\/\/magicanews.enamazonas.lat\/index.php?rest_route=\/wp\/v2\/media\/722"}],"wp:attachment":[{"href":"https:\/\/magicanews.enamazonas.lat\/index.php?rest_route=%2Fwp%2Fv2%2Fmedia&parent=721"}],"wp:term":[{"taxonomy":"category","embeddable":true,"href":"https:\/\/magicanews.enamazonas.lat\/index.php?rest_route=%2Fwp%2Fv2%2Fcategories&post=721"},{"taxonomy":"post_tag","embeddable":true,"href":"https:\/\/magicanews.enamazonas.lat\/index.php?rest_route=%2Fwp%2Fv2%2Ftags&post=721"}],"curies":[{"name":"wp","href":"https:\/\/api.w.org\/{rel}","templated":true}]}}