{"id":724,"date":"2026-08-12T20:24:58","date_gmt":"2026-08-12T20:24:58","guid":{"rendered":"https:\/\/magicanews.enamazonas.lat\/?p=724"},"modified":"2026-08-12T20:24:58","modified_gmt":"2026-08-12T20:24:58","slug":"indignante-gobierno-de-abelardo-de-la-espriella-pone-condiciones-ideologicas-a-la-urgente-ayuda-internacional","status":"publish","type":"post","link":"https:\/\/magicanews.enamazonas.lat\/?p=724","title":{"rendered":"Indignante: Gobierno de Abelardo de la Espriella pone condiciones ideol\u00f3gicas a la urgente ayuda internacional"},"content":{"rendered":"\n<p class=\"wp-block-paragraph\">El canciller Omar Bula asegur\u00f3 que no hay sesgo ideol\u00f3gico en la selecci\u00f3n de la ayuda internacional, mientras la ciudadan\u00eda cuestiona la demora y la exclusi\u00f3n de otras naciones oferentes. La imagen de 500 vecinos removiendo escombros en Pereira con sus propias manos sigue siendo el s\u00edmbolo de la desesperaci\u00f3n.<\/p>\n\n\n\n<p class=\"wp-block-paragraph\"><br>El gobierno de Abelardo de la Espriella confirm\u00f3 este jueves que recibir\u00e1 equipos de rescate de Estados Unidos, El Salvador, Ecuador e Israel para apoyar las labores de b\u00fasqueda de personas atrapadas bajo los escombros tras el devastador terremoto de magnitud 7,4 que sacudi\u00f3 el occidente del pa\u00eds el pasado lunes.<\/p>\n\n\n\n<p class=\"wp-block-paragraph\">El anuncio, realizado por el canciller Omar Bula, busc\u00f3 despejar las dudas sobre la politizaci\u00f3n de la ayuda internacional, luego de que el gobierno rechazara el env\u00edo de rescatistas mexicanos y mantuviera en espera a otros pa\u00edses que han ofrecido su apoyo.<\/p>\n\n\n\n<p class=\"wp-block-paragraph\">\u00abNo hemos excluido a ning\u00fan pa\u00eds en t\u00e9rminos de los ofrecimientos que nos han hecho. Trabajamos con los pa\u00edses sin ninguna consideraci\u00f3n ideol\u00f3gica ni pol\u00edtica\u00bb , afirm\u00f3 Bula en una rueda de prensa.<\/p>\n\n\n\n<p class=\"wp-block-paragraph\">El canciller tambi\u00e9n insisti\u00f3 en que la ayuda debe ser canalizada de manera efectiva: \u00abUna ayuda mal organizada no es ayuda\u00bb , dijo, justificando la demora en la autorizaci\u00f3n de algunos equipos.<\/p>\n","protected":false},"excerpt":{"rendered":"<p>El canciller Omar Bula asegur\u00f3 que no hay sesgo ideol\u00f3gico en la selecci\u00f3n de la&#8230;<\/p>\n","protected":false},"author":3,"featured_media":725,"comment_status":"open","ping_status":"open","sticky":false,"template":"","format":"standard","meta":{"footnotes":""},"categories":[6],"tags":[403,197,75,401,402,404,240,273],"class_list":["post-724","post","type-post","status-publish","format-standard","has-post-thumbnail","hentry","category-internacionales","tag-abelardo-de-la-espriella","tag-ayuda","tag-colombia","tag-condiciones","tag-ideologicas","tag-indignante","tag-terremoto","tag-terremotos"],"_links":{"self":[{"href":"https:\/\/magicanews.enamazonas.lat\/index.php?rest_route=\/wp\/v2\/posts\/724","targetHints":{"allow":["GET"]}}],"collection":[{"href":"https:\/\/magicanews.enamazonas.lat\/index.php?rest_route=\/wp\/v2\/posts"}],"about":[{"href":"https:\/\/magicanews.enamazonas.lat\/index.php?rest_route=\/wp\/v2\/types\/post"}],"author":[{"embeddable":true,"href":"https:\/\/magicanews.enamazonas.lat\/index.php?rest_route=\/wp\/v2\/users\/3"}],"replies":[{"embeddable":true,"href":"https:\/\/magicanews.enamazonas.lat\/index.php?rest_route=%2Fwp%2Fv2%2Fcomments&post=724"}],"version-history":[{"count":1,"href":"https:\/\/magicanews.enamazonas.lat\/index.php?rest_route=\/wp\/v2\/posts\/724\/revisions"}],"predecessor-version":[{"id":726,"href":"https:\/\/magicanews.enamazonas.lat\/index.php?rest_route=\/wp\/v2\/posts\/724\/revisions\/726"}],"wp:featuredmedia":[{"embeddable":true,"href":"https:\/\/magicanews.enamazonas.lat\/index.php?rest_route=\/wp\/v2\/media\/725"}],"wp:attachment":[{"href":"https:\/\/magicanews.enamazonas.lat\/index.php?rest_route=%2Fwp%2Fv2%2Fmedia&parent=724"}],"wp:term":[{"taxonomy":"category","embeddable":true,"href":"https:\/\/magicanews.enamazonas.lat\/index.php?rest_route=%2Fwp%2Fv2%2Fcategories&post=724"},{"taxonomy":"post_tag","embeddable":true,"href":"https:\/\/magicanews.enamazonas.lat\/index.php?rest_route=%2Fwp%2Fv2%2Ftags&post=724"}],"curies":[{"name":"wp","href":"https:\/\/api.w.org\/{rel}","templated":true}]}}