{"id":727,"date":"2026-08-14T22:34:57","date_gmt":"2026-08-14T22:34:57","guid":{"rendered":"https:\/\/magicanews.enamazonas.lat\/?p=727"},"modified":"2026-08-14T22:34:57","modified_gmt":"2026-08-14T22:34:57","slug":"agresion-a-mayores-jivi-sacude-a-la-comunidad-de-bagre-en-puerto-ayacucho","status":"publish","type":"post","link":"https:\/\/magicanews.enamazonas.lat\/?p=727","title":{"rendered":"Agresi\u00f3n a Mayores Jivi Sacude a la Comunidad de Bagre en Puerto Ayacucho"},"content":{"rendered":"\n<p class=\"wp-block-paragraph\">Cipriano D\u00edaz -Amazonas &#8211; El Canto Herido del Cham\u00e1n: Agresi\u00f3n a Mayores Jivi Sacude a la Comunidad de Bagre en Puerto Ayacucho<\/p>\n\n\n\n<p class=\"wp-block-paragraph\">Desde las riberas generosas y vivas del caudaloso Orinoco, donde la historia de Puerto Ayacucho se entrelaza con el latido de los saberes milenarios, nos llega hoy un eco de profunda preocupaci\u00f3n e indignaci\u00f3n. La paz sagrada de la Comunidad Pesquera y Tur\u00edstica Bagre, perteneciente a la Comuna Ayacucho, se vio quebrantada tras registrarse una repudiable agresi\u00f3n en medio de una ri\u00f1a que tuvo como blanco a dos venerables abuelos de nuestro pueblo originario Jivi: el respetado sabio y cham\u00e1n Jos\u00e9 Morales y la ciudadana Gloria Mart\u00ednez Chipiaje su pareja tradicional.<\/p>\n\n\n\n<p class=\"wp-block-paragraph\">El bast\u00f3n del cham\u00e1n cura las dolencias del cuerpo y aquieta el esp\u00edritu de la ciudad, ofreciendo salud sin distinci\u00f3n; tocar la dignidad de un anciano sabio es romper el equilibrio sagrado que sostiene la vida en nuestra tierra\u201d, comparte un sabedor de nuestras comunidades al reflexionar sobre la agresi\u00f3n sufrida por el taita Jos\u00e9 Morales, un gu\u00eda espiritual cuya medicina tradicional ha sanado de manera incansable a los habitantes de Puerto Ayacucho en todo momento.<\/p>\n\n\n\n<p class=\"wp-block-paragraph\">De acuerdo con el reporte oficial del Servicio de Polic\u00eda Comunal de la CPNB (Redip Guayana &#8211; Cuadrante P-02), la situaci\u00f3n se activ\u00f3 este mi\u00e9rcoles 12 de agosto de 2026, alrededor de las 09:30 horas, tras el llamado de emergencia por una ri\u00f1a en el sector Bagre. Si bien la comisi\u00f3n policial acordon\u00f3 el per\u00edmetro y constat\u00f3 que los involucrados se hab\u00edan retirado del sitio sin dejar lesionados graves visibles en el lugar de los hechos al momento de la inspecci\u00f3n, la alarma comunitaria sigue latente. se trataba de un grupo inferior a 10 j\u00f3venes que consumidos en el alcohol y las drogas iniciaron un altercado, en la vivienda de los adultos mayores, hechos denunciado por los mismos adultos mayores ante las instancias comunitarias de Bagre .<\/p>\n\n\n\n<figure class=\"wp-block-gallery has-nested-images columns-default is-cropped wp-block-gallery-1 is-layout-flex wp-block-gallery-is-layout-flex\">\n<figure class=\"wp-block-image size-large\"><img loading=\"lazy\" decoding=\"async\" width=\"768\" height=\"1024\" data-id=\"729\" src=\"https:\/\/magicanews.enamazonas.lat\/wp-content\/uploads\/2026\/08\/1003487200-768x1024.jpg\" alt=\"\" class=\"wp-image-729\" srcset=\"https:\/\/magicanews.enamazonas.lat\/wp-content\/uploads\/2026\/08\/1003487200-768x1024.jpg 768w, https:\/\/magicanews.enamazonas.lat\/wp-content\/uploads\/2026\/08\/1003487200-225x300.jpg 225w, https:\/\/magicanews.enamazonas.lat\/wp-content\/uploads\/2026\/08\/1003487200.jpg 780w\" sizes=\"auto, (max-width: 768px) 100vw, 768px\" \/><\/figure>\n\n\n\n<figure class=\"wp-block-image size-large\"><img loading=\"lazy\" decoding=\"async\" width=\"768\" height=\"1024\" data-id=\"730\" src=\"https:\/\/magicanews.enamazonas.lat\/wp-content\/uploads\/2026\/08\/1003487201-768x1024.jpg\" alt=\"\" class=\"wp-image-730\" srcset=\"https:\/\/magicanews.enamazonas.lat\/wp-content\/uploads\/2026\/08\/1003487201-768x1024.jpg 768w, https:\/\/magicanews.enamazonas.lat\/wp-content\/uploads\/2026\/08\/1003487201-225x300.jpg 225w, https:\/\/magicanews.enamazonas.lat\/wp-content\/uploads\/2026\/08\/1003487201.jpg 780w\" sizes=\"auto, (max-width: 768px) 100vw, 768px\" \/><\/figure>\n<\/figure>\n\n\n\n<p class=\"wp-block-paragraph\">Las comunidades ind\u00edgenas y los habitantes de la zona alzan su voz de alerta ante la vulnerabilidad en la que se encuentran los adultos mayores, pilares fundamentales de la memoria ancestral y la medicina natural en el estado Amazonas. Atentar contra la integridad de abuelos como Jos\u00e9 Morales y Gloria Mart\u00ednez Chipiaje es atentar contra el alma misma de nuestros pueblos originarios. Exigimos respeto absoluto para la sabidur\u00eda ancestral, paz en los territorios y conciencia colectiva para que la violencia nunca m\u00e1s empa\u00f1e la dignidad de quienes han dedicado su vida a sanar y proteger a nuestra gente.<\/p>\n\n\n\n<p class=\"wp-block-paragraph\">Glossario \/<\/p>\n\n\n\n<ul class=\"wp-block-list\">\n<li>Jivi: Pueblo originario de sabanas y selvas, custodios de una rica tradici\u00f3n de medicina natural, resistencia cultural y profunda comuni\u00f3n con la biodiversidad amaz\u00f3nica.<\/li>\n\n\n\n<li>Buen Vivir: Filosof\u00eda ancestral que rige la convivencia arm\u00f3nica, el respeto a los mayores y la protecci\u00f3n de los m\u00e1s vulnerables en comunidad.<\/li>\n<\/ul>\n","protected":false},"excerpt":{"rendered":"<p>Cipriano D\u00edaz -Amazonas &#8211; El Canto Herido del Cham\u00e1n: Agresi\u00f3n a Mayores Jivi Sacude a&#8230;<\/p>\n","protected":false},"author":3,"featured_media":728,"comment_status":"open","ping_status":"open","sticky":false,"template":"","format":"standard","meta":{"footnotes":""},"categories":[3,4],"tags":[224,47,406,405,407,127],"class_list":["post-727","post","type-post","status-publish","format-standard","has-post-thumbnail","hentry","category-noticias","category-regionales","tag-agresiones","tag-amazonas","tag-ancianos","tag-bagre","tag-jivi","tag-puerto-ayacucho"],"_links":{"self":[{"href":"https:\/\/magicanews.enamazonas.lat\/index.php?rest_route=\/wp\/v2\/posts\/727","targetHints":{"allow":["GET"]}}],"collection":[{"href":"https:\/\/magicanews.enamazonas.lat\/index.php?rest_route=\/wp\/v2\/posts"}],"about":[{"href":"https:\/\/magicanews.enamazonas.lat\/index.php?rest_route=\/wp\/v2\/types\/post"}],"author":[{"embeddable":true,"href":"https:\/\/magicanews.enamazonas.lat\/index.php?rest_route=\/wp\/v2\/users\/3"}],"replies":[{"embeddable":true,"href":"https:\/\/magicanews.enamazonas.lat\/index.php?rest_route=%2Fwp%2Fv2%2Fcomments&post=727"}],"version-history":[{"count":1,"href":"https:\/\/magicanews.enamazonas.lat\/index.php?rest_route=\/wp\/v2\/posts\/727\/revisions"}],"predecessor-version":[{"id":731,"href":"https:\/\/magicanews.enamazonas.lat\/index.php?rest_route=\/wp\/v2\/posts\/727\/revisions\/731"}],"wp:featuredmedia":[{"embeddable":true,"href":"https:\/\/magicanews.enamazonas.lat\/index.php?rest_route=\/wp\/v2\/media\/728"}],"wp:attachment":[{"href":"https:\/\/magicanews.enamazonas.lat\/index.php?rest_route=%2Fwp%2Fv2%2Fmedia&parent=727"}],"wp:term":[{"taxonomy":"category","embeddable":true,"href":"https:\/\/magicanews.enamazonas.lat\/index.php?rest_route=%2Fwp%2Fv2%2Fcategories&post=727"},{"taxonomy":"post_tag","embeddable":true,"href":"https:\/\/magicanews.enamazonas.lat\/index.php?rest_route=%2Fwp%2Fv2%2Ftags&post=727"}],"curies":[{"name":"wp","href":"https:\/\/api.w.org\/{rel}","templated":true}]}}