{"id":732,"date":"2026-08-16T13:41:36","date_gmt":"2026-08-16T13:41:36","guid":{"rendered":"https:\/\/magicanews.enamazonas.lat\/?p=732"},"modified":"2026-08-20T05:51:44","modified_gmt":"2026-08-20T05:51:44","slug":"orpia-participo-en-el-taller-sobre-el-reconocimiento-de-los-pueblos-indigenas-en-aislamiento-voluntario-y-contacto-inicial-en-venezuela","status":"publish","type":"post","link":"https:\/\/magicanews.enamazonas.lat\/?p=732","title":{"rendered":"Orpia particip\u00f3 en el taller sobre el reconocimiento de los pueblos ind\u00edgenas en aislamiento voluntario y contacto inicial en Venezuela"},"content":{"rendered":"\n<p class=\"wp-block-paragraph\">Orpia particip\u00f3 en el taller sobre el reconocimiento de los pueblos ind\u00edgenas en aislamiento voluntario y contacto inicial en Venezuela.<\/p>\n\n\n\n<p class=\"wp-block-paragraph\">Este encuentro se realiz\u00f3 desde el 10 al 13 de agosto 2026, en los Teques, estado Miranda, con la participaci\u00f3n de l\u00edderes ind\u00edgenas de los pueblos del estado Amazonas: Uwottuja, Yanomami y Yabarana, por el estado Bol\u00edvar: Joti y E\u00f1epa, junto a un equipo de antrop\u00f3logos y t\u00e9cnicos con conocimientos en diversas \u00e1reas relacionadas al tema.<\/p>\n\n\n\n<p class=\"wp-block-paragraph\">Orpia particip\u00f3 dando continuidad a su ruta de trabajo en el tema de pueblos ind\u00edgenas en aislamiento voluntario y contacto inicial de la Amazon\u00eda Venezolana, como miembro del GTI PIACI y para sumar aportes ante la mesa Nro 1 dirigida por Colombia en el mecanismo amaz\u00f3nico de pueblos ind\u00edgenas de la Organizaci\u00f3n del Tratado de Cooperaci\u00f3n Amaz\u00f3nica .<\/p>\n\n\n\n<p class=\"wp-block-paragraph\">Uno de los resultados de las ponencias de los representantes ind\u00edgenas Uwottuja, Yanomami, Joti y E\u00f1epa que cuentan con grupos de sus pueblos que se mantienen en aislamiento voluntario y contacto inicial en la regi\u00f3n amaz\u00f3nica, se evidenci\u00f3 que tambien est\u00e1n los S\u00e1nema y Mako de quienes se profundizar\u00e1 la investigaci\u00f3n con los sabios y sabias de dichos pueblos para validar la informaci\u00f3n.<\/p>\n\n\n\n<figure class=\"wp-block-image size-large\"><img loading=\"lazy\" decoding=\"async\" width=\"768\" height=\"1024\" src=\"https:\/\/magicanews.enamazonas.lat\/wp-content\/uploads\/2026\/08\/1003494750-768x1024.jpg\" alt=\"\" class=\"wp-image-734\" srcset=\"https:\/\/magicanews.enamazonas.lat\/wp-content\/uploads\/2026\/08\/1003494750-768x1024.jpg 768w, https:\/\/magicanews.enamazonas.lat\/wp-content\/uploads\/2026\/08\/1003494750-225x300.jpg 225w, https:\/\/magicanews.enamazonas.lat\/wp-content\/uploads\/2026\/08\/1003494750-1152x1536.jpg 1152w, https:\/\/magicanews.enamazonas.lat\/wp-content\/uploads\/2026\/08\/1003494750-1024x1365.jpg 1024w, https:\/\/magicanews.enamazonas.lat\/wp-content\/uploads\/2026\/08\/1003494750.jpg 1536w\" sizes=\"auto, (max-width: 768px) 100vw, 768px\" \/><\/figure>\n\n\n\n<p class=\"wp-block-paragraph\">Eligio Dacosta coordinador general de Orpia, manifest\u00f3 que su participaci\u00f3n corresponde a una hoja de ruta de la agenda de Orpia, quienes junto a los aliados buscan el reconocimiento de los Piaci por parte del estado en la legislaci\u00f3n venezolana para garantizar su protecci\u00f3n.<\/p>\n\n\n\n<p class=\"wp-block-paragraph\">Desde Orpia como casa matriz de los pueblos ind\u00edgenas de Amazonas, agradecen la incorporaci\u00f3n e invitaci\u00f3n a este taller dirigido por el equipo del programa de promoci\u00f3n de los derechos ind\u00edgenas en Venezuela, Wayamoutheri.<\/p>\n\n\n\n<figure class=\"wp-block-gallery has-nested-images columns-default is-cropped wp-block-gallery-1 is-layout-flex wp-block-gallery-is-layout-flex\">\n<figure class=\"wp-block-image size-large\"><img loading=\"lazy\" decoding=\"async\" width=\"1024\" height=\"768\" data-id=\"735\" src=\"https:\/\/magicanews.enamazonas.lat\/wp-content\/uploads\/2026\/08\/1003494761-1024x768.jpg\" alt=\"\" class=\"wp-image-735\" srcset=\"https:\/\/magicanews.enamazonas.lat\/wp-content\/uploads\/2026\/08\/1003494761-1024x768.jpg 1024w, https:\/\/magicanews.enamazonas.lat\/wp-content\/uploads\/2026\/08\/1003494761-300x225.jpg 300w, https:\/\/magicanews.enamazonas.lat\/wp-content\/uploads\/2026\/08\/1003494761-768x576.jpg 768w, https:\/\/magicanews.enamazonas.lat\/wp-content\/uploads\/2026\/08\/1003494761-1536x1152.jpg 1536w, https:\/\/magicanews.enamazonas.lat\/wp-content\/uploads\/2026\/08\/1003494761.jpg 2048w\" sizes=\"auto, (max-width: 1024px) 100vw, 1024px\" \/><\/figure>\n\n\n\n<figure class=\"wp-block-image size-large\"><img loading=\"lazy\" decoding=\"async\" width=\"768\" height=\"1024\" data-id=\"738\" src=\"https:\/\/magicanews.enamazonas.lat\/wp-content\/uploads\/2026\/08\/1003494760-768x1024.jpg\" alt=\"\" class=\"wp-image-738\" srcset=\"https:\/\/magicanews.enamazonas.lat\/wp-content\/uploads\/2026\/08\/1003494760-768x1024.jpg 768w, https:\/\/magicanews.enamazonas.lat\/wp-content\/uploads\/2026\/08\/1003494760-225x300.jpg 225w, https:\/\/magicanews.enamazonas.lat\/wp-content\/uploads\/2026\/08\/1003494760-1152x1536.jpg 1152w, https:\/\/magicanews.enamazonas.lat\/wp-content\/uploads\/2026\/08\/1003494760-1024x1365.jpg 1024w, https:\/\/magicanews.enamazonas.lat\/wp-content\/uploads\/2026\/08\/1003494760.jpg 1536w\" sizes=\"auto, (max-width: 768px) 100vw, 768px\" \/><\/figure>\n\n\n\n<figure class=\"wp-block-image size-large\"><img loading=\"lazy\" decoding=\"async\" width=\"768\" height=\"1024\" data-id=\"736\" src=\"https:\/\/magicanews.enamazonas.lat\/wp-content\/uploads\/2026\/08\/1003494755-768x1024.jpg\" alt=\"\" class=\"wp-image-736\" srcset=\"https:\/\/magicanews.enamazonas.lat\/wp-content\/uploads\/2026\/08\/1003494755-768x1024.jpg 768w, https:\/\/magicanews.enamazonas.lat\/wp-content\/uploads\/2026\/08\/1003494755-225x300.jpg 225w, https:\/\/magicanews.enamazonas.lat\/wp-content\/uploads\/2026\/08\/1003494755-1152x1536.jpg 1152w, https:\/\/magicanews.enamazonas.lat\/wp-content\/uploads\/2026\/08\/1003494755-1024x1365.jpg 1024w, https:\/\/magicanews.enamazonas.lat\/wp-content\/uploads\/2026\/08\/1003494755.jpg 1536w\" sizes=\"auto, (max-width: 768px) 100vw, 768px\" \/><\/figure>\n\n\n\n<figure class=\"wp-block-image size-large\"><img loading=\"lazy\" decoding=\"async\" width=\"768\" height=\"1024\" data-id=\"737\" src=\"https:\/\/magicanews.enamazonas.lat\/wp-content\/uploads\/2026\/08\/1003494753-768x1024.jpg\" alt=\"\" class=\"wp-image-737\" srcset=\"https:\/\/magicanews.enamazonas.lat\/wp-content\/uploads\/2026\/08\/1003494753-768x1024.jpg 768w, https:\/\/magicanews.enamazonas.lat\/wp-content\/uploads\/2026\/08\/1003494753-225x300.jpg 225w, https:\/\/magicanews.enamazonas.lat\/wp-content\/uploads\/2026\/08\/1003494753-1152x1536.jpg 1152w, https:\/\/magicanews.enamazonas.lat\/wp-content\/uploads\/2026\/08\/1003494753-1024x1365.jpg 1024w, https:\/\/magicanews.enamazonas.lat\/wp-content\/uploads\/2026\/08\/1003494753.jpg 1536w\" sizes=\"auto, (max-width: 768px) 100vw, 768px\" \/><\/figure>\n<\/figure>\n\n\n\n<p class=\"wp-block-paragraph\">Por: Jersy Warekena<\/p>\n\n\n\n<p class=\"wp-block-paragraph\"><\/p>\n","protected":false},"excerpt":{"rendered":"<p>Orpia particip\u00f3 en el taller sobre el reconocimiento de los pueblos ind\u00edgenas en aislamiento voluntario&#8230;<\/p>\n","protected":false},"author":2,"featured_media":733,"comment_status":"open","ping_status":"open","sticky":false,"template":"","format":"standard","meta":{"footnotes":""},"categories":[5,3,4],"tags":[409,237,408,46],"class_list":["post-732","post","type-post","status-publish","format-standard","has-post-thumbnail","hentry","category-nacionales","category-noticias","category-regionales","tag-aislados","tag-orpia","tag-pueblos-indigenas","tag-venezuela"],"_links":{"self":[{"href":"https:\/\/magicanews.enamazonas.lat\/index.php?rest_route=\/wp\/v2\/posts\/732","targetHints":{"allow":["GET"]}}],"collection":[{"href":"https:\/\/magicanews.enamazonas.lat\/index.php?rest_route=\/wp\/v2\/posts"}],"about":[{"href":"https:\/\/magicanews.enamazonas.lat\/index.php?rest_route=\/wp\/v2\/types\/post"}],"author":[{"embeddable":true,"href":"https:\/\/magicanews.enamazonas.lat\/index.php?rest_route=\/wp\/v2\/users\/2"}],"replies":[{"embeddable":true,"href":"https:\/\/magicanews.enamazonas.lat\/index.php?rest_route=%2Fwp%2Fv2%2Fcomments&post=732"}],"version-history":[{"count":1,"href":"https:\/\/magicanews.enamazonas.lat\/index.php?rest_route=\/wp\/v2\/posts\/732\/revisions"}],"predecessor-version":[{"id":739,"href":"https:\/\/magicanews.enamazonas.lat\/index.php?rest_route=\/wp\/v2\/posts\/732\/revisions\/739"}],"wp:featuredmedia":[{"embeddable":true,"href":"https:\/\/magicanews.enamazonas.lat\/index.php?rest_route=\/wp\/v2\/media\/733"}],"wp:attachment":[{"href":"https:\/\/magicanews.enamazonas.lat\/index.php?rest_route=%2Fwp%2Fv2%2Fmedia&parent=732"}],"wp:term":[{"taxonomy":"category","embeddable":true,"href":"https:\/\/magicanews.enamazonas.lat\/index.php?rest_route=%2Fwp%2Fv2%2Fcategories&post=732"},{"taxonomy":"post_tag","embeddable":true,"href":"https:\/\/magicanews.enamazonas.lat\/index.php?rest_route=%2Fwp%2Fv2%2Ftags&post=732"}],"curies":[{"name":"wp","href":"https:\/\/api.w.org\/{rel}","templated":true}]}}