{"id":740,"date":"2026-08-20T05:55:30","date_gmt":"2026-08-20T05:55:30","guid":{"rendered":"https:\/\/magicanews.enamazonas.lat\/?p=740"},"modified":"2026-08-20T05:55:30","modified_gmt":"2026-08-20T05:55:30","slug":"incursion-armada-de-irregulares-al-norte-de-atures-en-amazonas","status":"publish","type":"post","link":"https:\/\/magicanews.enamazonas.lat\/?p=740","title":{"rendered":"Incursi\u00f3n armada de irregulares al norte de Atures en Amazonas"},"content":{"rendered":"\n<p class=\"wp-block-paragraph\">Alerta en el Eje Carretero Norte de Atures: Padre e hijo heridos de bala tras incursi\u00f3n de grupos irregulares en Santa Marta<\/p>\n\n\n\n<p class=\"wp-block-paragraph\">Desde las comunidades que resisten en la selva y sabana de nuestro estado Amazonas, se encienden nuevamente las alarmas ante la violencia despiadada que azota los territorios rurales.<\/p>\n\n\n\n<p class=\"wp-block-paragraph\">Aproximadamente a las 5:00 de la tarde del pasado martes 19 de agosto de 2026, la comunidad Santa Marta de Pozo Azul, ubicada en el eje carretero norte del municipio Atures, se convirti\u00f3 en escenario de terror cuando hombres armados pertenecientes a grupos irregulares abrieron fuego indiscriminadamente.<\/p>\n\n\n\n<p class=\"wp-block-paragraph\">Este nuevo y repudiable hecho dej\u00f3 como saldo a dos pobladores gravemente heridos: Rodr\u00edguez Rangel (de 37 a\u00f1os de edad), quien recibi\u00f3 un disparo en el gl\u00fateo, y Rodr\u00edguez Andr\u00e9s (de 64 a\u00f1os de edad), herido de bala en la pierna derecha. Ambas v\u00edctimas ingresaron en horas de la noche al hospital de Puerto Ayacucho para recibir atenci\u00f3n m\u00e9dica de emergencia, donde actualmente se encuentran estables y bajo rigurosa vigilancia m\u00e9dica, mientras los organismos de seguridad realizan el seguimiento al caso.<\/p>\n\n\n\n<p class=\"wp-block-paragraph\">Esta tragedia confirma el peligro latente al que nos enfrentamos todos los d\u00edas frente a la presencia de actores armados al margen de la ley. \u00a1Hay que tener much\u00edsimo cuidado con esta gente; su presencia nos acecha y podr\u00edan matarnos! Las comunidades ind\u00edgenas y rurales exigimos un alto a la impunidad, mayor presencia y protecci\u00f3n real de los cuerpos de seguridad, y una respuesta contundente del Estado para evitar que el territorio amaz\u00f3nico contin\u00fae siendo tomado por la guerrilla y grupos armados que amenazan la vida de nuestros hijos, abuelos y trabajadores. \u00a1La paz y la vida en nuestros caminos no son negociables!<\/p>\n\n\n\n<p class=\"wp-block-paragraph\">&#8230;<\/p>\n\n\n\n<p class=\"wp-block-paragraph\"><br>Glosario Ancestral y Comunitario<\/p>\n\n\n\n<ul class=\"wp-block-list\">\n<li>Eje Carretero Norte: Zona de vital tr\u00e1nsito y asentamientos comunitarios en el municipio Atures del estado Amazonas, hoy vulnerable ante la incursi\u00f3n de actores armados.<\/li>\n\n\n\n<li>Buen Vivir: Filosof\u00eda ancestral que clama por la convivencia arm\u00f3nica, la seguridad y el respeto a la vida en comunidad frente a cualquier amenaza externa.<\/li>\n<\/ul>\n\n\n\n<p class=\"wp-block-paragraph\">Nota: Venevisi\u00f3n <\/p>\n","protected":false},"excerpt":{"rendered":"<p>Alerta en el Eje Carretero Norte de Atures: Padre e hijo heridos de bala tras&#8230;<\/p>\n","protected":false},"author":2,"featured_media":741,"comment_status":"open","ping_status":"open","sticky":false,"template":"","format":"standard","meta":{"footnotes":""},"categories":[3,4],"tags":[47,412,410,413,128,249],"class_list":["post-740","post","type-post","status-publish","format-standard","has-post-thumbnail","hentry","category-noticias","category-regionales","tag-amazonas","tag-armada","tag-atures","tag-grupos-irregulares","tag-guerrilla","tag-heridos"],"_links":{"self":[{"href":"https:\/\/magicanews.enamazonas.lat\/index.php?rest_route=\/wp\/v2\/posts\/740","targetHints":{"allow":["GET"]}}],"collection":[{"href":"https:\/\/magicanews.enamazonas.lat\/index.php?rest_route=\/wp\/v2\/posts"}],"about":[{"href":"https:\/\/magicanews.enamazonas.lat\/index.php?rest_route=\/wp\/v2\/types\/post"}],"author":[{"embeddable":true,"href":"https:\/\/magicanews.enamazonas.lat\/index.php?rest_route=\/wp\/v2\/users\/2"}],"replies":[{"embeddable":true,"href":"https:\/\/magicanews.enamazonas.lat\/index.php?rest_route=%2Fwp%2Fv2%2Fcomments&post=740"}],"version-history":[{"count":1,"href":"https:\/\/magicanews.enamazonas.lat\/index.php?rest_route=\/wp\/v2\/posts\/740\/revisions"}],"predecessor-version":[{"id":742,"href":"https:\/\/magicanews.enamazonas.lat\/index.php?rest_route=\/wp\/v2\/posts\/740\/revisions\/742"}],"wp:featuredmedia":[{"embeddable":true,"href":"https:\/\/magicanews.enamazonas.lat\/index.php?rest_route=\/wp\/v2\/media\/741"}],"wp:attachment":[{"href":"https:\/\/magicanews.enamazonas.lat\/index.php?rest_route=%2Fwp%2Fv2%2Fmedia&parent=740"}],"wp:term":[{"taxonomy":"category","embeddable":true,"href":"https:\/\/magicanews.enamazonas.lat\/index.php?rest_route=%2Fwp%2Fv2%2Fcategories&post=740"},{"taxonomy":"post_tag","embeddable":true,"href":"https:\/\/magicanews.enamazonas.lat\/index.php?rest_route=%2Fwp%2Fv2%2Ftags&post=740"}],"curies":[{"name":"wp","href":"https:\/\/api.w.org\/{rel}","templated":true}]}}