{"id":743,"date":"2026-08-25T13:19:27","date_gmt":"2026-08-25T13:19:27","guid":{"rendered":"https:\/\/magicanews.enamazonas.lat\/?p=743"},"modified":"2026-08-25T13:19:27","modified_gmt":"2026-08-25T13:19:27","slug":"asesinan-al-lider-indigena-asheninka-americo-pascuala-en-ucayali-peru","status":"publish","type":"post","link":"https:\/\/magicanews.enamazonas.lat\/?p=743","title":{"rendered":"Asesinan al l\u00edder ind\u00edgena ash\u00e9ninka Am\u00e9rico Pascuala en Ucayali, Per\u00fa"},"content":{"rendered":"\n<p class=\"wp-block-paragraph\">TeleSur.-  Am\u00e9rico Pascuala Tomisha, de 57 a\u00f1os, realizaba labores de monitoreo territorial en la Comunidad Nativa Onconashari cuando recibi\u00f3 impactos de bala, tras hallar a terceros que extra\u00edan aceite de copaiba.<\/p>\n\n\n\n<p class=\"wp-block-paragraph\">La Organizaci\u00f3n Regional de la Asociaci\u00f3n Inter\u00e9tnica de Desarrollo de la Selva Peruana (AIDESEP) en Ucayali (ORAU) record\u00f3 que desde 2020 existen denuncias de ingresos no autorizados y amenazas contra comuneros. La Coordinadora Nacional de Derechos Humanos (CNDDHH) exigi\u00f3 investigaci\u00f3n inmediata con enfoque intercultural y protecci\u00f3n para los defensores de la Amazon\u00eda.<\/p>\n\n\n\n<p class=\"wp-block-paragraph\"><\/p>\n","protected":false},"excerpt":{"rendered":"<p>TeleSur.- Am\u00e9rico Pascuala Tomisha, de 57 a\u00f1os, realizaba labores de monitoreo territorial en la Comunidad&#8230;<\/p>\n","protected":false},"author":2,"featured_media":744,"comment_status":"open","ping_status":"open","sticky":false,"template":"","format":"standard","meta":{"footnotes":""},"categories":[6],"tags":[414,415,382],"class_list":["post-743","post","type-post","status-publish","format-standard","has-post-thumbnail","hentry","category-internacionales","tag-asesinado","tag-lider-indigena","tag-peru"],"_links":{"self":[{"href":"https:\/\/magicanews.enamazonas.lat\/index.php?rest_route=\/wp\/v2\/posts\/743","targetHints":{"allow":["GET"]}}],"collection":[{"href":"https:\/\/magicanews.enamazonas.lat\/index.php?rest_route=\/wp\/v2\/posts"}],"about":[{"href":"https:\/\/magicanews.enamazonas.lat\/index.php?rest_route=\/wp\/v2\/types\/post"}],"author":[{"embeddable":true,"href":"https:\/\/magicanews.enamazonas.lat\/index.php?rest_route=\/wp\/v2\/users\/2"}],"replies":[{"embeddable":true,"href":"https:\/\/magicanews.enamazonas.lat\/index.php?rest_route=%2Fwp%2Fv2%2Fcomments&post=743"}],"version-history":[{"count":1,"href":"https:\/\/magicanews.enamazonas.lat\/index.php?rest_route=\/wp\/v2\/posts\/743\/revisions"}],"predecessor-version":[{"id":745,"href":"https:\/\/magicanews.enamazonas.lat\/index.php?rest_route=\/wp\/v2\/posts\/743\/revisions\/745"}],"wp:featuredmedia":[{"embeddable":true,"href":"https:\/\/magicanews.enamazonas.lat\/index.php?rest_route=\/wp\/v2\/media\/744"}],"wp:attachment":[{"href":"https:\/\/magicanews.enamazonas.lat\/index.php?rest_route=%2Fwp%2Fv2%2Fmedia&parent=743"}],"wp:term":[{"taxonomy":"category","embeddable":true,"href":"https:\/\/magicanews.enamazonas.lat\/index.php?rest_route=%2Fwp%2Fv2%2Fcategories&post=743"},{"taxonomy":"post_tag","embeddable":true,"href":"https:\/\/magicanews.enamazonas.lat\/index.php?rest_route=%2Fwp%2Fv2%2Ftags&post=743"}],"curies":[{"name":"wp","href":"https:\/\/api.w.org\/{rel}","templated":true}]}}