{"id":747,"date":"2026-08-30T01:12:44","date_gmt":"2026-08-30T01:12:44","guid":{"rendered":"https:\/\/magicanews.enamazonas.lat\/?p=747"},"modified":"2026-08-30T01:12:44","modified_gmt":"2026-08-30T01:12:44","slug":"fuerte-fluctuacion-en-el-sistema-electrico-nacional-afecta-a-783-mw-y-deja-sin-servicio-a-varios-estados-del-occidente-del-pais","status":"publish","type":"post","link":"https:\/\/magicanews.enamazonas.lat\/?p=747","title":{"rendered":"Fuerte fluctuaci\u00f3n en el Sistema El\u00e9ctrico Nacional afecta a 783 MW y deja sin servicio a varios estados del occidente del pa\u00eds"},"content":{"rendered":"\n<p class=\"wp-block-paragraph\">Una fuerte fluctuaci\u00f3n en el Sistema El\u00e9ctrico Nacional (SEN) ha afectado a las 9:00 PM de esta noche una carga de 783 megavatios (MW), dejando sin suministro el\u00e9ctrico a los estados T\u00e1chira, M\u00e9rida, Barinas y gran parte del Zulia.<\/p>\n\n\n\n<p class=\"wp-block-paragraph\">Hasta el momento, las autoridades no han confirmado la causa de esta incidencia, que se ha sumado a un escenario de recurrentes fallas en el servicio el\u00e9ctrico en diversas regiones del pa\u00eds.<\/p>\n\n\n\n<p class=\"wp-block-paragraph\"><strong>Estados afectados<\/strong><\/p>\n\n\n\n<p class=\"wp-block-paragraph\"><br>Seg\u00fan los reportes iniciales, la contingencia impacta principalmente:<\/p>\n\n\n\n<p class=\"wp-block-paragraph\">\u00b7 Estado T\u00e1chira<br>\u00b7 Estado M\u00e9rida<br>\u00b7 Estado Barinas<br>\u00b7 Gran parte del estado Zulia<\/p>\n\n\n\n<p class=\"wp-block-paragraph\">Usuarios en redes sociales tambi\u00e9n han reportado fluctuaciones de voltaje y cortes en otras entidades, aunque la magnitud de la afectaci\u00f3n es mayor en la regi\u00f3n occidental .<\/p>\n\n\n\n<p class=\"wp-block-paragraph\"><br>El SEN ha enfrentado m\u00faltiples contingencias en los \u00faltimos meses. De acuerdo con reportes ciudadanos, los apagones se han extendido por varias horas en diferentes zonas, afectando servicios esenciales como telecomunicaciones, suministro de agua y actividades comerciales .<\/p>\n\n\n\n<p class=\"wp-block-paragraph\">Especialistas han advertido que la fragilidad del sistema el\u00e9ctrico venezolano responde a a\u00f1os de falta de mantenimiento, escasa inversi\u00f3n y p\u00e9rdida de personal t\u00e9cnico calificado .<\/p>\n\n\n\n\n\n<h2 class=\"wp-block-heading\"><strong>Esperan pronunciamiento oficial<\/strong><\/h2>\n\n\n\n<p class=\"wp-block-paragraph\"><br>Corpoelec y las autoridades del Ministerio de Energ\u00eda El\u00e9ctrica no han emitido un balance oficial sobre los hechos ocurridos esta noche, ni han detallado las causas de la fluctuaci\u00f3n.<\/p>\n\n\n\n<p class=\"wp-block-paragraph\">En ocasiones anteriores, fallas de esta magnitud han sido atribuidas por el gobierno nacional a supuestos sabotajes contra el sistema el\u00e9ctrico , mientras que especialistas y voceros de la oposici\u00f3n han se\u00f1alado el deterioro estructural de la infraestructura como el factor determinante .<\/p>\n\n\n\n<p class=\"wp-block-paragraph\">Se espera que en las pr\u00f3ximas horas las autoridades ofrezcan informaci\u00f3n sobre los planes de restauraci\u00f3n del servicio en los estados afectados.<\/p>\n\n\n\n<hr class=\"wp-block-separator has-alpha-channel-opacity\"\/>\n\n\n\n<p class=\"wp-block-paragraph\">Departamento de Prensa<br>Caracas, 29 de agosto de 2026 &#8211; 8:55pm<\/p>\n\n\n\n<p class=\"wp-block-paragraph\"><\/p>\n","protected":false},"excerpt":{"rendered":"<p>Una fuerte fluctuaci\u00f3n en el Sistema El\u00e9ctrico Nacional (SEN) ha afectado a las 9:00 PM&#8230;<\/p>\n","protected":false},"author":3,"featured_media":748,"comment_status":"open","ping_status":"open","sticky":false,"template":"","format":"standard","meta":{"footnotes":""},"categories":[5],"tags":[324,419,416,417,418,31,46,420],"class_list":["post-747","post","type-post","status-publish","format-standard","has-post-thumbnail","hentry","category-nacionales","tag-apagon","tag-merida","tag-occidente","tag-sin-luz","tag-tachira","tag-trujillo","tag-venezuela","tag-zulia"],"_links":{"self":[{"href":"https:\/\/magicanews.enamazonas.lat\/index.php?rest_route=\/wp\/v2\/posts\/747","targetHints":{"allow":["GET"]}}],"collection":[{"href":"https:\/\/magicanews.enamazonas.lat\/index.php?rest_route=\/wp\/v2\/posts"}],"about":[{"href":"https:\/\/magicanews.enamazonas.lat\/index.php?rest_route=\/wp\/v2\/types\/post"}],"author":[{"embeddable":true,"href":"https:\/\/magicanews.enamazonas.lat\/index.php?rest_route=\/wp\/v2\/users\/3"}],"replies":[{"embeddable":true,"href":"https:\/\/magicanews.enamazonas.lat\/index.php?rest_route=%2Fwp%2Fv2%2Fcomments&post=747"}],"version-history":[{"count":1,"href":"https:\/\/magicanews.enamazonas.lat\/index.php?rest_route=\/wp\/v2\/posts\/747\/revisions"}],"predecessor-version":[{"id":749,"href":"https:\/\/magicanews.enamazonas.lat\/index.php?rest_route=\/wp\/v2\/posts\/747\/revisions\/749"}],"wp:featuredmedia":[{"embeddable":true,"href":"https:\/\/magicanews.enamazonas.lat\/index.php?rest_route=\/wp\/v2\/media\/748"}],"wp:attachment":[{"href":"https:\/\/magicanews.enamazonas.lat\/index.php?rest_route=%2Fwp%2Fv2%2Fmedia&parent=747"}],"wp:term":[{"taxonomy":"category","embeddable":true,"href":"https:\/\/magicanews.enamazonas.lat\/index.php?rest_route=%2Fwp%2Fv2%2Fcategories&post=747"},{"taxonomy":"post_tag","embeddable":true,"href":"https:\/\/magicanews.enamazonas.lat\/index.php?rest_route=%2Fwp%2Fv2%2Ftags&post=747"}],"curies":[{"name":"wp","href":"https:\/\/api.w.org\/{rel}","templated":true}]}}